{"id":9333,"date":"2026-04-27T06:42:57","date_gmt":"2026-04-27T09:42:57","guid":{"rendered":"https:\/\/www.secheep.gob.ar\/?p=9333"},"modified":"2026-04-28T06:57:15","modified_gmt":"2026-04-28T09:57:15","slug":"en-toda-la-provincia-secheep-continua-con-trabajos-en-zonas-anegadas","status":"publish","type":"post","link":"https:\/\/www.secheep.gob.ar\/?p=9333","title":{"rendered":"Secheep contin\u00faa con trabajos en zonas anegadas"},"content":{"rendered":"<p>Con una fuerte presencia en diferentes localidades, pero haciendo hincapi\u00e9 en la zona norte de la provincia, SECHEEP contin\u00faa con trabajos operativos para normalizar el suministro de energ\u00eda el\u00e9ctrica afectado por tormentas que desde hace varias jornadas se registran en el territorio chaque\u00f1o.<\/p>\n<p>\u201cHace m\u00e1s de una semana que hemos multiplicado la presencia del personal y de maquinarias en toda la provincia, principalmente en Juan Jos\u00e9 Castelli y en localidades y parajes del impenetrable y el norte de la provincia, donde el gran caudal de agua aneg\u00f3 mucho territorio\u201d, se\u00f1al\u00f3 el presidente de Secheep, Jos\u00e9 Bistoletti.<\/p>\n<p>Desde hace m\u00e1s de una semana que la empresa energ\u00e9tica activ\u00f3 su Plan de Contingencia para actuar en forma r\u00e1pida y segura. En los \u00faltimos d\u00edas, multiplic\u00f3 la presencia de personal operativo para trabajar en cada rinc\u00f3n del territorio por las inclemencias del clima. \u201cToda la red de media tensi\u00f3n fue restablecida r\u00e1pidamente. Y tras ello, se iniciaron tareas puntuales en zonas cr\u00edticas, principalmente donde hay l\u00edneas rurales\u201d, agreg\u00f3 Bistoletti.<\/p>\n<p>&nbsp;<\/p>\n<p><strong>Zona norte: intensa tarea tras la inundaci\u00f3n<\/strong><\/p>\n<p>En forma conjunta con otras \u00e1reas del Gobierno provincial, Secheep viene realizando una amplia intervenci\u00f3n en Juan Jos\u00e9 Castelli y el resto de las localidades y parajes del impenetrable.<\/p>\n<p>\u201cLa primera tarea de las cuadrillas fue la de erradicar posibles riesgos de electrocuci\u00f3n, ya que hubo zonas que estuvieron y est\u00e1n anegadas. Paso siguiente, se procedi\u00f3 a normalizar el suministro el\u00e9ctrico afectado por el temporal\u201d, destac\u00f3 el gerente de la zona Norte de Secheep, Eduardo Mart\u00ednez.<\/p>\n<p>El temporal caus\u00f3 gran impacto y afect\u00f3 parte de la infraestructura el\u00e9ctrica, especialmente en Juan Jos\u00e9 Castelli, Tras Isletas, Villa R\u00edo Bermejito, El Espinillo, Miraflores y otras localidades del norte.<\/p>\n<p>En muchos lugares, donde fue imposible ingresar con camiones y\/o gr\u00faas, los operarios tuvieron que acceder con tractores, a pie y\/o a caballo, ya que el territorio anegado imped\u00eda el paso de otros veh\u00edculos.<\/p>\n<p>&nbsp;<\/p>\n<p><strong>Intervenciones en toda la provincia<\/strong><\/p>\n<p>Adem\u00e1s del hist\u00f3rico milimetraje de lluvia, se registr\u00f3 un fuerte temporal de vientos y descargas atmosf\u00e9ricas, afectando el normal abastecimiento energ\u00e9tico. La ca\u00edda de \u00e1rboles y ramas sobre l\u00edneas de distribuci\u00f3n cortaron cables y tumbaron postes; adem\u00e1s, voladuras de chapas y otros elementos afectaron la red el\u00e9ctrica.<\/p>\n<p>\u201cEn la zona rural de Colonia Popular y Laguna Blanca, un tornado tumb\u00f3 9 torres met\u00e1licas de la red de alta tensi\u00f3n en una zona de dif\u00edcil acceso, afectando a una l\u00ednea de 132 KV\u201d, mencion\u00f3 Bistoletti. La tarea de reparaci\u00f3n final de la estructura da\u00f1ada, llevada a cabo por Secheep junto a la Subsecretar\u00eda de Energ\u00eda del Ministerio de Infraestructura, llevar\u00e1 un tiempo aproximado de dos meses y para ellos, se requerir\u00e1 una inversi\u00f3n superior a los 500 millones de pesos.<\/p>\n<p>Asimismo, en las \u00faltimas horas se registraron intervenciones en el centro y el sudoeste de la provincia, sum\u00e1ndose a las tareas efectuadas en el \u00e1rea metropolitana durante toda la semana pasada.<\/p>\n<p>Ante el marco de contingencia clim\u00e1tica que se da en toda la provincia, desde la empresa se solicita a la comunidad colaboraci\u00f3n y paciencia, y se recuerda que, ante cualquier situaci\u00f3n de emergencia, deben alejarse de postes ca\u00eddos y l\u00edneas cortadas y contactarse al 0800-7777-589 o al WhatsApp 364-4-377044 o la APP de Secheep; y seguir las sugerencias de nuestras redes sociales.<\/p>\n<p><img loading=\"lazy\" class=\"alignnone size-medium wp-image-9334\" src=\"https:\/\/www.secheep.gob.ar\/wp-content\/uploads\/2026\/04\/7e37a06e-76e2-4867-bab6-0c569d555364-900x1196-1-300x208.jpg\" alt=\"\" width=\"300\" height=\"208\" \/> <img loading=\"lazy\" class=\"alignnone size-medium wp-image-9335\" src=\"https:\/\/www.secheep.gob.ar\/wp-content\/uploads\/2026\/04\/6c20017a-56ae-4299-99c1-7c3d4e30d5ad-300x209.jpg\" alt=\"\" width=\"300\" height=\"209\" \/><\/p>\n<p><img loading=\"lazy\" class=\"alignnone size-medium wp-image-9336\" src=\"https:\/\/www.secheep.gob.ar\/wp-content\/uploads\/2026\/04\/8b8ee3c6-6f79-4fa7-a086-30b6e9092c8a-300x240.jpg\" alt=\"\" width=\"300\" height=\"240\" \/> <img loading=\"lazy\" class=\"alignnone size-medium wp-image-9337\" src=\"https:\/\/www.secheep.gob.ar\/wp-content\/uploads\/2026\/04\/387bb345-e733-4b2d-92b0-13bac6c6dd57-300x225.jpg\" alt=\"\" width=\"300\" height=\"225\" \/><\/p>\n<p><img loading=\"lazy\" class=\"alignnone size-medium wp-image-9338\" src=\"https:\/\/www.secheep.gob.ar\/wp-content\/uploads\/2026\/04\/23837680-d1ce-4556-9b50-dcffee4e5ef7-300x253.jpg\" alt=\"\" width=\"300\" height=\"253\" \/> <img loading=\"lazy\" class=\"alignnone size-medium wp-image-9339\" src=\"https:\/\/www.secheep.gob.ar\/wp-content\/uploads\/2026\/04\/ac894fe9-f25f-467b-807b-aa4fb3c08131-300x253.jpg\" alt=\"\" width=\"300\" height=\"253\" \/><\/p>\n<p><img loading=\"lazy\" class=\"alignnone size-medium wp-image-9340\" src=\"https:\/\/www.secheep.gob.ar\/wp-content\/uploads\/2026\/04\/d8f3ced2-679c-46e5-a950-0ab3846c1dfa-300x243.jpg\" alt=\"\" width=\"300\" height=\"243\" \/> <img loading=\"lazy\" class=\"alignnone size-medium wp-image-9341\" src=\"https:\/\/www.secheep.gob.ar\/wp-content\/uploads\/2026\/04\/e6d8afe2-2df0-4308-aa23-02a4ee5f5621-300x300.jpg\" alt=\"\" width=\"300\" height=\"300\" \/><\/p>\n<p><img loading=\"lazy\" class=\"alignnone size-medium wp-image-9342\" src=\"https:\/\/www.secheep.gob.ar\/wp-content\/uploads\/2026\/04\/f7b9656e-eca4-48b6-b794-6cf638c15262-300x169.jpg\" alt=\"\" width=\"300\" height=\"169\" \/><img loading=\"lazy\" class=\"alignnone size-medium wp-image-9343\" src=\"https:\/\/www.secheep.gob.ar\/wp-content\/uploads\/2026\/04\/f83f468a-a392-4ca1-b95a-aae9822e55d6-300x265.jpg\" alt=\"\" width=\"300\" height=\"265\" \/><\/p>\n<p>&nbsp;<\/p>\n","protected":false},"excerpt":{"rendered":"<p>Con una fuerte presencia en diferentes localidades, pero haciendo hincapi\u00e9 en la zona norte de la provincia, SECHEEP contin\u00faa con trabajos operativos para normalizar el suministro de energ\u00eda el\u00e9ctrica afectado por tormentas que desde hace varias jornadas se registran en el territorio chaque\u00f1o. \u201cHace m\u00e1s de una semana que hemos multiplicado la presencia del personal [&hellip;]<\/p>\n","protected":false},"author":4,"featured_media":9334,"comment_status":"open","ping_status":"open","sticky":false,"template":"","format":"standard","meta":{"_et_pb_use_builder":"","_et_pb_old_content":"","_et_gb_content_width":"","_joinchat":[]},"categories":[3],"tags":[],"_links":{"self":[{"href":"https:\/\/www.secheep.gob.ar\/index.php?rest_route=\/wp\/v2\/posts\/9333"}],"collection":[{"href":"https:\/\/www.secheep.gob.ar\/index.php?rest_route=\/wp\/v2\/posts"}],"about":[{"href":"https:\/\/www.secheep.gob.ar\/index.php?rest_route=\/wp\/v2\/types\/post"}],"author":[{"embeddable":true,"href":"https:\/\/www.secheep.gob.ar\/index.php?rest_route=\/wp\/v2\/users\/4"}],"replies":[{"embeddable":true,"href":"https:\/\/www.secheep.gob.ar\/index.php?rest_route=%2Fwp%2Fv2%2Fcomments&post=9333"}],"version-history":[{"count":2,"href":"https:\/\/www.secheep.gob.ar\/index.php?rest_route=\/wp\/v2\/posts\/9333\/revisions"}],"predecessor-version":[{"id":9345,"href":"https:\/\/www.secheep.gob.ar\/index.php?rest_route=\/wp\/v2\/posts\/9333\/revisions\/9345"}],"wp:featuredmedia":[{"embeddable":true,"href":"https:\/\/www.secheep.gob.ar\/index.php?rest_route=\/wp\/v2\/media\/9334"}],"wp:attachment":[{"href":"https:\/\/www.secheep.gob.ar\/index.php?rest_route=%2Fwp%2Fv2%2Fmedia&parent=9333"}],"wp:term":[{"taxonomy":"category","embeddable":true,"href":"https:\/\/www.secheep.gob.ar\/index.php?rest_route=%2Fwp%2Fv2%2Fcategories&post=9333"},{"taxonomy":"post_tag","embeddable":true,"href":"https:\/\/www.secheep.gob.ar\/index.php?rest_route=%2Fwp%2Fv2%2Ftags&post=9333"}],"curies":[{"name":"wp","href":"https:\/\/api.w.org\/{rel}","templated":true}]}}