{"id":9091,"date":"2026-01-19T11:35:41","date_gmt":"2026-01-19T14:35:41","guid":{"rendered":"https:\/\/www.secheep.gob.ar\/?p=9091"},"modified":"2026-02-03T08:33:07","modified_gmt":"2026-02-03T11:33:07","slug":"nuevo-regimen-de-subsidios-energeticos-que-cambia-y-a-quienes-alcanza-en-el-chaco","status":"publish","type":"post","link":"https:\/\/www.secheep.gob.ar\/?p=9091","title":{"rendered":"Nuevo r\u00e9gimen de subsidio el\u00e9ctrico: a quienes alcanza y que cambia en el Chaco"},"content":{"rendered":"<p><em><strong>Desde el Gobierno nacional se aclar\u00f3 que los usuarios ya inscriptos no deben reinscribirse, aunque s\u00ed podr\u00e1n actualizar sus datos o solicitar revisiones a trav\u00e9s de las plataformas Mi Argentina y Tr\u00e1mites a Distancia (TAD).<\/strong><\/em><\/p>\n<p><strong>\u00bfQui\u00e9nes pueden acceder al subsidio?<\/strong><\/p>\n<p>Podr\u00e1n ser incluidos en el SEF (Subsidios Energ\u00e9ticos Focalizados):<br \/>\n-Hogares inscriptos en el RASE o en el ReSEF con ingresos netos conjuntos iguales o inferiores a tres (3) Canastas B\u00e1sicas Totales (CBT) para un hogar tipo 2, seg\u00fan el INDEC.<br \/>\n-Hogares con al menos un integrante que cuente con Certificado de Vivienda Familiar (ReNaBaP).<br \/>\n-Pensi\u00f3n Vitalicia a Veteranos de Guerra del Atl\u00e1ntico Sur.<br \/>\n-Hogares con al menos un integrante con Certificado \u00danico de Discapacidad (CUD), sujetos a una evaluaci\u00f3n espec\u00edfica de su situaci\u00f3n econ\u00f3mica.<\/p>\n<p>Este nuevo esquema de asistencia para el pago de la energ\u00eda a trav\u00e9s del R\u00e9gimen de Subsidios Energ\u00e9ticos Focalizados (SEF), es con el objetivo de ordenar, simplificar y focalizar los subsidios en los hogares que realmente lo necesitan. La medida qued\u00f3 formalizada mediante el Decreto N\u00b0 943\/2025, publicado el 31 de diciembre de 2025, y fue reglamentada por la Resoluci\u00f3n N\u00b0 13\/2026, difundida el 15 de enero de este a\u00f1o.<\/p>\n<p><strong>Consumos base para la provincia del Chaco<\/strong><\/p>\n<p>La Resoluci\u00f3n N\u00b0 13\/2026 fija consumos base diferenciales seg\u00fan zonas bioambientales. Para la provincia del Chaco, considerada Zona Muy C\u00e1lida, se establecen los siguientes valores:<br \/>\n-Diciembre: 550 kWh\/mes<br \/>\n-Enero: 550 kWh\/mes<br \/>\n-Febrero: 550 kWh\/mes<br \/>\n-Marzo: 150 kWh\/mes<br \/>\n-Abril: 150 kWh\/mes<br \/>\n-Mayo: 300 kWh\/mes<br \/>\n-Junio: 300 kWh\/mes<br \/>\n-Julio: 300 kWh\/mes<br \/>\n-Agosto: 300 kWh\/mes<br \/>\n-Septiembre: 150 kWh\/mes<br \/>\n-Octubre: 150 kWh\/mes<br \/>\n-Noviembre: 150 kWh\/mes<\/p>\n<p><strong>Un solo r\u00e9gimen y un nuevo registro<\/strong><br \/>\nCon esta reforma, todos los subsidios energ\u00e9ticos de jurisdicci\u00f3n nacional se unifican en un \u00fanico r\u00e9gimen denominado SEF, dejando atr\u00e1s el sistema de segmentaci\u00f3n por tres niveles de ingresos.<br \/>\nEn su lugar, se crea una \u00fanica categor\u00eda de hogares vulnerables, definida a partir de criterios objetivos de inclusi\u00f3n y exclusi\u00f3n. Adem\u00e1s, se pone en funcionamiento el Registro de Subsidios Energ\u00e9ticos Focalizados (ReSEF), que reemplaza al anterior RASE.<\/p>\n<p><strong>Bonificaciones previstas<\/strong><br \/>\nEl nuevo r\u00e9gimen establece:<br \/>\n-Una bonificaci\u00f3n general del 50 % sobre el precio de la energ\u00eda correspondiente al consumo base.<br \/>\n-Una bonificaci\u00f3n extraordinaria adicional de hasta el 25 % durante 2026, que comienza a aplicarse en enero y se reducir\u00e1 de manera progresiva hasta diciembre. El consumo que supere los bloques base definidos no contar\u00e1 con subsidio.<\/p>\n<p><strong>Motivos de exclusi\u00f3n<\/strong><br \/>\nQuedar\u00e1n excluidos del r\u00e9gimen:<br \/>\n-Hogares con ingresos superiores a tres (3) CBT.<br \/>\n-Tambi\u00e9n podr\u00e1n ser excluidos aquellos que, aun sin superar ese umbral, presenten indicadores de capacidad econ\u00f3mica, como:<br \/>\n-Bienes registrables de alto valor.<br \/>\n-Consumos energ\u00e9ticos incompatibles con un hogar vulnerable.<br \/>\n-Otras manifestaciones objetivas de capacidad de pago.<\/p>\n<p>Desde la Secretar\u00eda de Energ\u00eda destacaron que el nuevo esquema busca garantizar un uso m\u00e1s eficiente de los recursos p\u00fablicos, asegurando que los subsidios lleguen a quienes m\u00e1s los necesitan, con reglas claras, controles objetivos y un sistema m\u00e1s transparente.<\/p>\n<p><img loading=\"lazy\" class=\"alignnone size-medium wp-image-9092\" src=\"https:\/\/www.secheep.gob.ar\/wp-content\/uploads\/2026\/01\/0b7c8c4e-7faf-4f7c-ae92-345abe0f1434-300x169.jpg\" alt=\"\" width=\"300\" height=\"169\" \/><\/p>\n","protected":false},"excerpt":{"rendered":"<p>Desde el Gobierno nacional se aclar\u00f3 que los usuarios ya inscriptos no deben reinscribirse, aunque s\u00ed podr\u00e1n actualizar sus datos o solicitar revisiones a trav\u00e9s de las plataformas Mi Argentina y Tr\u00e1mites a Distancia (TAD). \u00bfQui\u00e9nes pueden acceder al subsidio? Podr\u00e1n ser incluidos en el SEF (Subsidios Energ\u00e9ticos Focalizados): -Hogares inscriptos en el RASE o [&hellip;]<\/p>\n","protected":false},"author":4,"featured_media":9092,"comment_status":"open","ping_status":"open","sticky":false,"template":"","format":"standard","meta":{"_et_pb_use_builder":"","_et_pb_old_content":"","_et_gb_content_width":"","_joinchat":[]},"categories":[3],"tags":[],"_links":{"self":[{"href":"https:\/\/www.secheep.gob.ar\/index.php?rest_route=\/wp\/v2\/posts\/9091"}],"collection":[{"href":"https:\/\/www.secheep.gob.ar\/index.php?rest_route=\/wp\/v2\/posts"}],"about":[{"href":"https:\/\/www.secheep.gob.ar\/index.php?rest_route=\/wp\/v2\/types\/post"}],"author":[{"embeddable":true,"href":"https:\/\/www.secheep.gob.ar\/index.php?rest_route=\/wp\/v2\/users\/4"}],"replies":[{"embeddable":true,"href":"https:\/\/www.secheep.gob.ar\/index.php?rest_route=%2Fwp%2Fv2%2Fcomments&post=9091"}],"version-history":[{"count":3,"href":"https:\/\/www.secheep.gob.ar\/index.php?rest_route=\/wp\/v2\/posts\/9091\/revisions"}],"predecessor-version":[{"id":9178,"href":"https:\/\/www.secheep.gob.ar\/index.php?rest_route=\/wp\/v2\/posts\/9091\/revisions\/9178"}],"wp:featuredmedia":[{"embeddable":true,"href":"https:\/\/www.secheep.gob.ar\/index.php?rest_route=\/wp\/v2\/media\/9092"}],"wp:attachment":[{"href":"https:\/\/www.secheep.gob.ar\/index.php?rest_route=%2Fwp%2Fv2%2Fmedia&parent=9091"}],"wp:term":[{"taxonomy":"category","embeddable":true,"href":"https:\/\/www.secheep.gob.ar\/index.php?rest_route=%2Fwp%2Fv2%2Fcategories&post=9091"},{"taxonomy":"post_tag","embeddable":true,"href":"https:\/\/www.secheep.gob.ar\/index.php?rest_route=%2Fwp%2Fv2%2Ftags&post=9091"}],"curies":[{"name":"wp","href":"https:\/\/api.w.org\/{rel}","templated":true}]}}