{"id":9077,"date":"2026-01-05T12:26:46","date_gmt":"2026-01-05T15:26:46","guid":{"rendered":"https:\/\/www.secheep.gob.ar\/?p=9077"},"modified":"2026-01-07T12:40:03","modified_gmt":"2026-01-07T15:40:03","slug":"aire-acondicionado-tips-para-reducir-la-demanda-electrica-en-el-verano","status":"publish","type":"post","link":"https:\/\/www.secheep.gob.ar\/?p=9077","title":{"rendered":"Aire acondicionado: tips para reducir la demanda el\u00e9ctrica en el verano"},"content":{"rendered":"<p>Al llegar la temporada de calor, en el Chaco, se dispara el uso del aire acondicionado y eso repercute en el consumo de energ\u00eda. Ante ello, y con el objetivo de mitigar el impacto en las facturas de luz, SECHEEP, a trav\u00e9s de su campa\u00f1a \u201cAhorros de Verano\u201d brindan consejos sobre el uso correcto y adecuado, el mantenimiento y la compra de los equipos de refrigeraci\u00f3n.<!--more--><\/p>\n<p>Adem\u00e1s de los tradicionales consejos de regular el termostato y mantener limpios los equipos, desde la empresa energ\u00e9tica difunden otros tips para que el uso correcto de los aparatos no solo influye en forma positiva en el consumo energ\u00e9tico familiar, sino que tambi\u00e9n para que injiera en la estabilidad de la red el\u00e9ctrica general.<\/p>\n<p>Para ahorrar energ\u00eda con el aire acondicionado tambi\u00e9n es importante mantener puertas y ventanas cerradas, limpia los filtros regularmente para evitar que el consumo aumente hasta un 10%, y considera usar ventiladores para distribuir el fr\u00edo; elegir equipos con etiqueta energ\u00e9tica A+++ y tecnolog\u00eda Inverter tambi\u00e9n reduce el gasto significativamente.<\/p>\n<p>&nbsp;<\/p>\n<p><strong>Sugerencias en la configuraci\u00f3n y el uso del equipo<\/strong><\/p>\n<p><strong><em>Modo ECO:<\/em><\/strong> buscar el bot\u00f3n \u201cECO\u201d o \u201cAhorro de Energ\u00eda\u201d en el control remoto para que el equipo ajuste su potencia autom\u00e1ticamente.<\/p>\n<p><strong><em>Temperatura ideal:<\/em><\/strong> colocar el equipo de 24\u00ba a 26\u00b0. A modo de ejemplo, subir la temperatura de 20 a 24 grados puede ahorrar entre 3% y 5% de energ\u00eda por cada grado.<\/p>\n<p><strong><em>Ventilador + aire acondicionado:<\/em><\/strong> combinar el aire con un ventilador para sentirte m\u00e1s fresco y poder subir la temperatura del aire (a 26\u00b0C, por ejemplo).<\/p>\n<p><strong><em>Puertas y ventanas:<\/em><\/strong> mantenerlas cerradas evita que el aire fr\u00edo se escape.<\/p>\n<p>&nbsp;<\/p>\n<p><strong>Consejos de mantenimiento del aparato<\/strong><\/p>\n<p><strong><em>Filtros limpios:<\/em><\/strong> limpiar a mano con detergente suave una vez al a\u00f1o. Filtros sucios pueden aumentar el consumo hasta un 10%.<\/p>\n<p><strong><em>Aislamiento del ambiente:<\/em><\/strong> un buen aislamiento en techos y paredes reducir\u00e1 la carga de trabajo del equipo.<\/p>\n<p>&nbsp;<\/p>\n<p><strong>Tips para comprar un aire m\u00e1s eficiente<\/strong><\/p>\n<p><strong><em>Etiqueta Energ\u00e9tica:<\/em><\/strong> Prioriza modelos con clases A+++, A++ o A, que son los m\u00e1s eficientes.<\/p>\n<p><strong><em>Tecnolog\u00eda Inverter:<\/em><\/strong> Es m\u00e1s eficiente y puede ahorrar hasta un 73% de energ\u00eda en algunos modelos.<\/p>\n<p>Desde Secheep recuerdan y reiteran a la comunidad que mejorando los h\u00e1bitos cotidianos de consumo el\u00e9ctrico ayudan a reducir la demanda energ\u00e9tica en los hogares.<\/p>\n<p>Peque\u00f1as acciones diarias permiten mejorar la eficiencia y evitar gastos innecesarios a la hora de pagar la factura de luz.<\/p>\n<p><img loading=\"lazy\" class=\"alignnone size-medium wp-image-9078\" src=\"https:\/\/www.secheep.gob.ar\/wp-content\/uploads\/2026\/01\/portada-240x300.jpg\" alt=\"\" width=\"240\" height=\"300\" \/> <img loading=\"lazy\" class=\"alignnone size-medium wp-image-9079\" src=\"https:\/\/www.secheep.gob.ar\/wp-content\/uploads\/2026\/01\/uno-1-240x300.jpg\" alt=\"\" width=\"240\" height=\"300\" \/><\/p>\n<p>&nbsp;<\/p>\n<p>&nbsp;<\/p>\n<p>&nbsp;<\/p>\n","protected":false},"excerpt":{"rendered":"<p>Al llegar la temporada de calor, en el Chaco, se dispara el uso del aire acondicionado y eso repercute en el consumo de energ\u00eda. Ante ello, y con el objetivo de mitigar el impacto en las facturas de luz, SECHEEP, a trav\u00e9s de su campa\u00f1a \u201cAhorros de Verano\u201d brindan consejos sobre el uso correcto y [&hellip;]<\/p>\n","protected":false},"author":4,"featured_media":9078,"comment_status":"open","ping_status":"open","sticky":false,"template":"","format":"standard","meta":{"_et_pb_use_builder":"","_et_pb_old_content":"","_et_gb_content_width":"","_joinchat":[]},"categories":[3],"tags":[],"_links":{"self":[{"href":"https:\/\/www.secheep.gob.ar\/index.php?rest_route=\/wp\/v2\/posts\/9077"}],"collection":[{"href":"https:\/\/www.secheep.gob.ar\/index.php?rest_route=\/wp\/v2\/posts"}],"about":[{"href":"https:\/\/www.secheep.gob.ar\/index.php?rest_route=\/wp\/v2\/types\/post"}],"author":[{"embeddable":true,"href":"https:\/\/www.secheep.gob.ar\/index.php?rest_route=\/wp\/v2\/users\/4"}],"replies":[{"embeddable":true,"href":"https:\/\/www.secheep.gob.ar\/index.php?rest_route=%2Fwp%2Fv2%2Fcomments&post=9077"}],"version-history":[{"count":2,"href":"https:\/\/www.secheep.gob.ar\/index.php?rest_route=\/wp\/v2\/posts\/9077\/revisions"}],"predecessor-version":[{"id":9081,"href":"https:\/\/www.secheep.gob.ar\/index.php?rest_route=\/wp\/v2\/posts\/9077\/revisions\/9081"}],"wp:featuredmedia":[{"embeddable":true,"href":"https:\/\/www.secheep.gob.ar\/index.php?rest_route=\/wp\/v2\/media\/9078"}],"wp:attachment":[{"href":"https:\/\/www.secheep.gob.ar\/index.php?rest_route=%2Fwp%2Fv2%2Fmedia&parent=9077"}],"wp:term":[{"taxonomy":"category","embeddable":true,"href":"https:\/\/www.secheep.gob.ar\/index.php?rest_route=%2Fwp%2Fv2%2Fcategories&post=9077"},{"taxonomy":"post_tag","embeddable":true,"href":"https:\/\/www.secheep.gob.ar\/index.php?rest_route=%2Fwp%2Fv2%2Ftags&post=9077"}],"curies":[{"name":"wp","href":"https:\/\/api.w.org\/{rel}","templated":true}]}}