{"id":9070,"date":"2026-01-07T12:22:17","date_gmt":"2026-01-07T15:22:17","guid":{"rendered":"https:\/\/www.secheep.gob.ar\/?p=9070"},"modified":"2026-01-07T12:22:17","modified_gmt":"2026-01-07T15:22:17","slug":"alerta-y-concientizacion-sobre-los-riesgos-del-fuego-en-zonas-rurales","status":"publish","type":"post","link":"https:\/\/www.secheep.gob.ar\/?p=9070","title":{"rendered":"Alerta y concientizaci\u00f3n sobre los riesgos del fuego en zonas rurales"},"content":{"rendered":"<p>Desde Secheep, se insiste a la comunidad a extremar los cuidados y evitar incendios que puedan derivar en interrupciones del servicio el\u00e9ctrico.<!--more--><br \/>\nCon la llegada de las altas temperaturas, los incendios rurales se convierten en uno de los principales inconvenientes que afectan el normal funcionamiento de la red de energ\u00eda el\u00e9ctrica en la provincia.<br \/>\n\u201cUn descuido puede afectar a miles; prevenir est\u00e1 en nuestras manos\u201d, se\u00f1alan desde la empresa energ\u00e9tica provincial en el marco de la campa\u00f1a \u201cAhorro de Verano\u201d, impulsada con el objetivo de promover el uso responsable y seguro de la energ\u00eda el\u00e9ctrica, as\u00ed como la concientizaci\u00f3n sobre los riesgos asociados a los incendios en zonas rurales.<br \/>\nEl fuego provoca graves da\u00f1os a la infraestructura el\u00e9ctrica, afectando postes, l\u00edneas a\u00e9reas y transformadores de distribuci\u00f3n. En numerosos casos, los incendios alcanzan redes de alta, media y baja tensi\u00f3n, generando cortes prolongados del suministro y poniendo en riesgo la seguridad de las personas, adem\u00e1s de ocasionar importantes p\u00e9rdidas materiales.<br \/>\nDesde SECHEEP se remarca que la prevenci\u00f3n es una responsabilidad compartida y que el compromiso de la ciudadan\u00eda resulta fundamental para evitar este tipo de situaciones. Para reducir el riesgo de incendios y proteger el servicio el\u00e9ctrico, se recomienda:<br \/>\n<strong>*<\/strong> No quemar pastizales ni basura: una acci\u00f3n m\u00ednima puede desencadenar incendios de gran magnitud y de dif\u00edcil control.<br \/>\n<strong>*<\/strong> Mantener limpios los alrededores de las l\u00edneas el\u00e9ctricas: la acumulaci\u00f3n de pasto seco, ramas y residuos aumenta el riesgo y favorece la propagaci\u00f3n del fuego.<br \/>\n* Dar aviso inmediato ante la presencia de un foco de incendio: una denuncia a tiempo puede evitar da\u00f1os mayores y cortes de energ\u00eda prolongados.<br \/>\nAnte cualquier emergencia, se recuerda a la comunidad comunicarse de inmediato con los siguientes n\u00fameros:<br \/>\n<strong>*<\/strong> 911, Polic\u00eda.<br \/>\n<strong>*<\/strong> 100, Bomberos.<br \/>\n<strong>*<\/strong> 103, Defensa Civil.<br \/>\nEl da\u00f1o ocasionado por los incendios puede tener consecuencias de enorme magnitud para el sistema el\u00e9ctrico, dejando sin suministro a miles de usuarios en distintos puntos de la provincia. Sin embargo, con la participaci\u00f3n responsable y el compromiso de todos, es posible prevenir estas situaciones y garantizar un servicio el\u00e9ctrico seguro y continuo durante la temporada de verano.<\/p>\n<p><img loading=\"lazy\" class=\"alignnone size-medium wp-image-9071\" src=\"https:\/\/www.secheep.gob.ar\/wp-content\/uploads\/2026\/01\/uno-240x300.jpg\" alt=\"\" width=\"240\" height=\"300\" \/> <img loading=\"lazy\" class=\"alignnone size-medium wp-image-9072\" src=\"https:\/\/www.secheep.gob.ar\/wp-content\/uploads\/2026\/01\/dos-240x300.jpg\" alt=\"\" width=\"240\" height=\"300\" \/><\/p>\n<p><img loading=\"lazy\" class=\"alignnone size-medium wp-image-9073\" src=\"https:\/\/www.secheep.gob.ar\/wp-content\/uploads\/2026\/01\/tres-240x300.jpg\" alt=\"\" width=\"240\" height=\"300\" \/> <img loading=\"lazy\" class=\"alignnone size-medium wp-image-9074\" src=\"https:\/\/www.secheep.gob.ar\/wp-content\/uploads\/2026\/01\/cuatro-240x300.jpg\" alt=\"\" width=\"240\" height=\"300\" \/><\/p>\n<p><img loading=\"lazy\" class=\"alignnone size-medium wp-image-9075\" src=\"https:\/\/www.secheep.gob.ar\/wp-content\/uploads\/2026\/01\/cinco-240x300.jpg\" alt=\"\" width=\"240\" height=\"300\" \/><\/p>\n","protected":false},"excerpt":{"rendered":"<p>Desde Secheep, se insiste a la comunidad a extremar los cuidados y evitar incendios que puedan derivar en interrupciones del servicio el\u00e9ctrico.<\/p>\n","protected":false},"author":4,"featured_media":9071,"comment_status":"open","ping_status":"open","sticky":false,"template":"","format":"standard","meta":{"_et_pb_use_builder":"","_et_pb_old_content":"","_et_gb_content_width":"","_joinchat":[]},"categories":[3],"tags":[],"_links":{"self":[{"href":"https:\/\/www.secheep.gob.ar\/index.php?rest_route=\/wp\/v2\/posts\/9070"}],"collection":[{"href":"https:\/\/www.secheep.gob.ar\/index.php?rest_route=\/wp\/v2\/posts"}],"about":[{"href":"https:\/\/www.secheep.gob.ar\/index.php?rest_route=\/wp\/v2\/types\/post"}],"author":[{"embeddable":true,"href":"https:\/\/www.secheep.gob.ar\/index.php?rest_route=\/wp\/v2\/users\/4"}],"replies":[{"embeddable":true,"href":"https:\/\/www.secheep.gob.ar\/index.php?rest_route=%2Fwp%2Fv2%2Fcomments&post=9070"}],"version-history":[{"count":1,"href":"https:\/\/www.secheep.gob.ar\/index.php?rest_route=\/wp\/v2\/posts\/9070\/revisions"}],"predecessor-version":[{"id":9076,"href":"https:\/\/www.secheep.gob.ar\/index.php?rest_route=\/wp\/v2\/posts\/9070\/revisions\/9076"}],"wp:featuredmedia":[{"embeddable":true,"href":"https:\/\/www.secheep.gob.ar\/index.php?rest_route=\/wp\/v2\/media\/9071"}],"wp:attachment":[{"href":"https:\/\/www.secheep.gob.ar\/index.php?rest_route=%2Fwp%2Fv2%2Fmedia&parent=9070"}],"wp:term":[{"taxonomy":"category","embeddable":true,"href":"https:\/\/www.secheep.gob.ar\/index.php?rest_route=%2Fwp%2Fv2%2Fcategories&post=9070"},{"taxonomy":"post_tag","embeddable":true,"href":"https:\/\/www.secheep.gob.ar\/index.php?rest_route=%2Fwp%2Fv2%2Ftags&post=9070"}],"curies":[{"name":"wp","href":"https:\/\/api.w.org\/{rel}","templated":true}]}}