{"id":9065,"date":"2026-01-06T12:07:37","date_gmt":"2026-01-06T15:07:37","guid":{"rendered":"https:\/\/www.secheep.gob.ar\/?p=9065"},"modified":"2026-01-07T12:15:26","modified_gmt":"2026-01-07T15:15:26","slug":"secheep-refuerza-trabajos-y-garantiza-el-servicio-en-toda-la-provincia","status":"publish","type":"post","link":"https:\/\/www.secheep.gob.ar\/?p=9065","title":{"rendered":"Secheep refuerza trabajos y garantiza el servicio en toda la provincia"},"content":{"rendered":"<p><strong><em>M\u00e1s de 300 operarios y la totalidad de los m\u00f3viles contin\u00faan trabajando en todo el territorio provincial, atendiendo las demandas que se presentan en el inicio del 2026.<\/em><\/strong><!--more--><\/p>\n<p>En la primera semana del a\u00f1o, SECHEEP ejecuta tareas a lo largo y ancho de la provincia. Desde el fin de semana previo a Navidad, se multiplic\u00f3 la presencia de cuadrillas, operarios y maquinaria en las ocho gerencias zonales, con el objetivo de realizar las intervenciones necesarias ante las intensas precipitaciones, fuertes vientos y descargas atmosf\u00e9ricas.<br \/>\nCon el prop\u00f3sito de elevar la calidad de la prestaci\u00f3n del servicio energ\u00e9tico, la empresa avanza con m\u00faltiples trabajos operativos en todo el territorio provincial. Durante la primera semana del 2026 contin\u00faan las tareas iniciadas en los \u00faltimos d\u00edas de diciembre, en el marco de las diferentes tormentas y las lluvias hist\u00f3ricas registradas en varias zonas del Chaco.<br \/>\nCabe se\u00f1alar que, desde la noche del s\u00e1bado 20 y la madrugada del domingo 21 de diciembre, SECHEEP reforz\u00f3 la cantidad de cuadrillas y operarios, multiplicando la presencia de personal.<br \/>\nAdem\u00e1s, la empresa dispuso la totalidad de sus m\u00f3viles -camionetas, camiones gr\u00faa y maquinaria pesada- en el marco del Plan de Contingencia elaborado por el Gobierno provincial, a trav\u00e9s de distintas carteras y organismos p\u00fablicos.<br \/>\n\u201cDesde SECHEEP se multiplic\u00f3 la presencia de personal en las ocho gerencias zonales y sus respectivos distritos con el objetivo, en primer lugar, de erradicar posibles riesgos de electrocuci\u00f3n y, luego, restablecer lo m\u00e1s r\u00e1pido posible el suministro el\u00e9ctrico afectado por tormentas con vientos, descargas el\u00e9ctricas e intensas precipitaciones\u201d, se\u00f1al\u00f3 el vocal del Directorio, Germ\u00e1n Perelli.<\/p>\n<p><strong>Intensa actividad en el interior provincial<\/strong><br \/>\nLas primeras tormentas de los \u00faltimos d\u00edas de diciembre afectaron ampliamente al sudoeste chaque\u00f1o. Se registraron inconvenientes en las redes el\u00e9ctricas desde Charata hacia Gancedo y Hermoso Campo, con ca\u00edda de postes y l\u00edneas.<br \/>\nSituaciones similares se dieron en Santa Sylvina, Coronel Du Graty, Villa \u00c1ngela y zonas aleda\u00f1as. En tanto, en localidades del sur como Charadai, Cote Lai y Basail, el gran volumen de precipitaciones impact\u00f3 sobre la infraestructura el\u00e9ctrica.<br \/>\nEn las zonas centro y norte los da\u00f1os fueron menores. Sin embargo, en El Impenetrable las lluvias afectaron los caminos e impidieron el acceso de camiones con combustible para abastecer a los grupos generadores ubicados en Misi\u00f3n Nueva Pompeya, que suministran energ\u00eda a localidades y parajes de la regi\u00f3n.<br \/>\nEste inconveniente fue solucionado mediante un trabajo conjunto entre SECHEEP, algunos municipios y otros organismos provinciales, con la colaboraci\u00f3n de la empresa Aggreko, responsable del abastecimiento de combustible.<br \/>\nTambi\u00e9n se reforz\u00f3 la presencia de operarios en las zonas del noreste \u2014General San Mart\u00edn, Pampa del Indio, Presidencia Roca\u2014 y del este provincial \u2014La Leonesa, Las Palmas, General Vedia y localidades aleda\u00f1as\u2014, donde las lluvias intensas y las descargas atmosf\u00e9ricas afectaron las redes el\u00e9ctricas.<\/p>\n<p><strong>Lluvias r\u00e9cord en el Gran Resistencia<\/strong><br \/>\nAl cierre de 2025, el \u00e1rea m\u00e1s afectada por las tormentas y las intensas precipitaciones fue el Gran Resistencia. \u201cPor un lado, el viento y las descargas atmosf\u00e9ricas causaron da\u00f1os en la infraestructura el\u00e9ctrica y, por otro, las lluvias dificultan las tareas de reparaci\u00f3n y restablecimiento del servicio\u201d, manifest\u00f3 el vocal del Directorio, Ariel Mu\u00f1oz.<br \/>\nNo obstante, destac\u00f3 el trabajo del personal. \u201cSe multiplic\u00f3 la presencia de operarios y se lograron reparar aver\u00edas y fallas durante jornadas de lluvias casi ininterrumpidas\u201d, agreg\u00f3.<br \/>\nDurante una semana y media llovi\u00f3 de manera sostenida en la capital y zonas aleda\u00f1as. Seg\u00fan datos oficiales, en diciembre de 2025 se registraron 436 mil\u00edmetros, cifra que supera ampliamente el promedio hist\u00f3rico del mes y marca un r\u00e9cord, incluso por encima de los 409 mil\u00edmetros registrados en 1966.<br \/>\nPor \u00faltimo, desde SECHEEP recuerdan a la comunidad que ante cualquier situaci\u00f3n de emergencia deben alejarse de postes ca\u00eddos y l\u00edneas cortadas, y comunicarse al 0800-7777-589, al WhatsApp 3644-377044, a trav\u00e9s de la APP SECHEEP o seguir las recomendaciones difundidas en las redes sociales oficiales.<\/p>\n<p><img loading=\"lazy\" class=\"alignnone size-medium wp-image-9066\" src=\"https:\/\/www.secheep.gob.ar\/wp-content\/uploads\/2026\/01\/Tromenta-1-300x255.jpg\" alt=\"\" width=\"300\" height=\"255\" \/> <img loading=\"lazy\" class=\"alignnone size-medium wp-image-9067\" src=\"https:\/\/www.secheep.gob.ar\/wp-content\/uploads\/2026\/01\/tormenta-2-300x222.jpg\" alt=\"\" width=\"300\" height=\"222\" \/><\/p>\n<p>&nbsp;<\/p>\n","protected":false},"excerpt":{"rendered":"<p>M\u00e1s de 300 operarios y la totalidad de los m\u00f3viles contin\u00faan trabajando en todo el territorio provincial, atendiendo las demandas que se presentan en el inicio del 2026.<\/p>\n","protected":false},"author":4,"featured_media":9066,"comment_status":"open","ping_status":"open","sticky":false,"template":"","format":"standard","meta":{"_et_pb_use_builder":"","_et_pb_old_content":"","_et_gb_content_width":"","_joinchat":[]},"categories":[3],"tags":[],"_links":{"self":[{"href":"https:\/\/www.secheep.gob.ar\/index.php?rest_route=\/wp\/v2\/posts\/9065"}],"collection":[{"href":"https:\/\/www.secheep.gob.ar\/index.php?rest_route=\/wp\/v2\/posts"}],"about":[{"href":"https:\/\/www.secheep.gob.ar\/index.php?rest_route=\/wp\/v2\/types\/post"}],"author":[{"embeddable":true,"href":"https:\/\/www.secheep.gob.ar\/index.php?rest_route=\/wp\/v2\/users\/4"}],"replies":[{"embeddable":true,"href":"https:\/\/www.secheep.gob.ar\/index.php?rest_route=%2Fwp%2Fv2%2Fcomments&post=9065"}],"version-history":[{"count":1,"href":"https:\/\/www.secheep.gob.ar\/index.php?rest_route=\/wp\/v2\/posts\/9065\/revisions"}],"predecessor-version":[{"id":9068,"href":"https:\/\/www.secheep.gob.ar\/index.php?rest_route=\/wp\/v2\/posts\/9065\/revisions\/9068"}],"wp:featuredmedia":[{"embeddable":true,"href":"https:\/\/www.secheep.gob.ar\/index.php?rest_route=\/wp\/v2\/media\/9066"}],"wp:attachment":[{"href":"https:\/\/www.secheep.gob.ar\/index.php?rest_route=%2Fwp%2Fv2%2Fmedia&parent=9065"}],"wp:term":[{"taxonomy":"category","embeddable":true,"href":"https:\/\/www.secheep.gob.ar\/index.php?rest_route=%2Fwp%2Fv2%2Fcategories&post=9065"},{"taxonomy":"post_tag","embeddable":true,"href":"https:\/\/www.secheep.gob.ar\/index.php?rest_route=%2Fwp%2Fv2%2Ftags&post=9065"}],"curies":[{"name":"wp","href":"https:\/\/api.w.org\/{rel}","templated":true}]}}