{"id":9021,"date":"2025-12-22T10:33:19","date_gmt":"2025-12-22T13:33:19","guid":{"rendered":"https:\/\/www.secheep.gob.ar\/?p=9021"},"modified":"2025-12-22T10:33:19","modified_gmt":"2025-12-22T13:33:19","slug":"se-amplio-la-potencia-de-generacion-electrica-en-nueva-pompeya-paso-de-4-a-62-mw","status":"publish","type":"post","link":"https:\/\/www.secheep.gob.ar\/?p=9021","title":{"rendered":"SE AMPLI\u00d3 LA POTENCIA DE GENERACI\u00d3N EL\u00c9CTRICA EN NUEVA POMPEYA: PAS\u00d3 DE 4 A 6,2 MW"},"content":{"rendered":"<p>El Gobierno del Chaco, a trav\u00e9s del Ministerio de Infraestructura y Servicios P\u00fablicos y SECHEEP, concret\u00f3 la ampliaci\u00f3n de la potencia de generaci\u00f3n el\u00e9ctrica en la planta de generaci\u00f3n de Misi\u00f3n Nueva Pompeya, que pas\u00f3 de 4 megavatios (MW) a 6,2 MW, fortaleciendo de manera significativa el sistema el\u00e9ctrico del Impenetrable chaque\u00f1o.<\/p>\n<p>La mejora se logr\u00f3 mediante la incorporaci\u00f3n de tres motores de generaci\u00f3n KTA50 de 1.250 kVA cada uno, que aportan 3,5 MW adicionales y la instalaci\u00f3n de un transformador de 1,25 MVA, equipamiento clave para la correcta operaci\u00f3n y estabilidad del nuevo esquema de generaci\u00f3n.<\/p>\n<p><img loading=\"lazy\" class=\"alignnone size-medium wp-image-9024\" src=\"https:\/\/www.secheep.gob.ar\/wp-content\/uploads\/2025\/12\/WhatsApp-Image-2025-12-22-at-10.14.14-AM-1-copia-300x225.jpeg\" alt=\"\" width=\"300\" height=\"225\" \/><img loading=\"lazy\" class=\"alignnone size-medium wp-image-9026\" src=\"https:\/\/www.secheep.gob.ar\/wp-content\/uploads\/2025\/12\/WhatsApp-Image-2025-12-22-at-10.14.15-AM-300x225.jpeg\" alt=\"\" width=\"300\" height=\"225\" \/><\/p>\n<p>Desde el punto de vista t\u00e9cnico, esta ampliaci\u00f3n permite incrementar la capacidad instalada, cubrir picos de demanda, reducir riesgos de sobrecarga y garantizar el abastecimiento el\u00e9ctrico continuo en Misi\u00f3n Nueva Pompeya, Sausalito, El Sauzal y Wich\u00ed El Pintado, beneficiando a miles de usuarios residenciales, comercios, instituciones educativas, centros de salud y servicios esenciales.<br \/>\nEn t\u00e9rminos pr\u00e1cticos, el incremento de 2,2 MW efectivos permite abastecer a m\u00e1s de 6.000 hogares, adem\u00e1s de asegurar el funcionamiento de infraestructura cr\u00edtica, especialmente durante los per\u00edodos de mayor consumo energ\u00e9tico.<br \/>\nEsta ampliaci\u00f3n fue posible tras largas gestiones realizadas por el Ministerio de Infraestructura y Servicios P\u00fablicos y SECHEEP, por expresa instrucci\u00f3n del gobernador Leandro Zdero, que culminaron en un acuerdo con la empresa Aggreko, especializada en soluciones de generaci\u00f3n el\u00e9ctrica a gran escala.<\/p>\n<p>Seg\u00fan indicaron fuentes t\u00e9cnicas, una ampliaci\u00f3n de esta magnitud no se registraba en la regi\u00f3n desde hace m\u00e1s de diez a\u00f1os, constituyendo un hito para el fortalecimiento del sistema el\u00e9ctrico del Impenetrable, hist\u00f3ricamente condicionado por limitaciones estructurales en su capacidad de generaci\u00f3n.<\/p>\n<p>Al respecto, el presidente de SECHEEP, Hilario Bistoletti, se\u00f1al\u00f3:<br \/>\n<em>\u201cEsta ampliaci\u00f3n es el resultado de una decisi\u00f3n pol\u00edtica clara y de una gesti\u00f3n t\u00e9cnica sostenida. Estamos fortaleciendo el sistema el\u00e9ctrico del norte chaque\u00f1o para llevar previsibilidad, estabilidad y una mejora concreta en la calidad de vida de las comunidades.\u201d<\/em><br \/>\n<em>Los equipos comenzaron a incorporarse de manera progresiva al sistema, permitiendo consolidar un esquema de generaci\u00f3n m\u00e1s robusto y confiable, en el marco de una pol\u00edtica energ\u00e9tica orientada a reducir desigualdades territoriales y acompa\u00f1ar el desarrollo del interior provincial.<\/em><\/p>\n","protected":false},"excerpt":{"rendered":"<p>El Gobierno del Chaco, a trav\u00e9s del Ministerio de Infraestructura y Servicios P\u00fablicos y SECHEEP, concret\u00f3 la ampliaci\u00f3n de la potencia de generaci\u00f3n el\u00e9ctrica en la planta de generaci\u00f3n de Misi\u00f3n Nueva Pompeya, que pas\u00f3 de 4 megavatios (MW) a 6,2 MW, fortaleciendo de manera significativa el sistema el\u00e9ctrico del Impenetrable chaque\u00f1o. La mejora se [&hellip;]<\/p>\n","protected":false},"author":10,"featured_media":9025,"comment_status":"open","ping_status":"open","sticky":false,"template":"","format":"standard","meta":{"_et_pb_use_builder":"","_et_pb_old_content":"","_et_gb_content_width":"","_joinchat":[]},"categories":[1],"tags":[],"_links":{"self":[{"href":"https:\/\/www.secheep.gob.ar\/index.php?rest_route=\/wp\/v2\/posts\/9021"}],"collection":[{"href":"https:\/\/www.secheep.gob.ar\/index.php?rest_route=\/wp\/v2\/posts"}],"about":[{"href":"https:\/\/www.secheep.gob.ar\/index.php?rest_route=\/wp\/v2\/types\/post"}],"author":[{"embeddable":true,"href":"https:\/\/www.secheep.gob.ar\/index.php?rest_route=\/wp\/v2\/users\/10"}],"replies":[{"embeddable":true,"href":"https:\/\/www.secheep.gob.ar\/index.php?rest_route=%2Fwp%2Fv2%2Fcomments&post=9021"}],"version-history":[{"count":1,"href":"https:\/\/www.secheep.gob.ar\/index.php?rest_route=\/wp\/v2\/posts\/9021\/revisions"}],"predecessor-version":[{"id":9027,"href":"https:\/\/www.secheep.gob.ar\/index.php?rest_route=\/wp\/v2\/posts\/9021\/revisions\/9027"}],"wp:featuredmedia":[{"embeddable":true,"href":"https:\/\/www.secheep.gob.ar\/index.php?rest_route=\/wp\/v2\/media\/9025"}],"wp:attachment":[{"href":"https:\/\/www.secheep.gob.ar\/index.php?rest_route=%2Fwp%2Fv2%2Fmedia&parent=9021"}],"wp:term":[{"taxonomy":"category","embeddable":true,"href":"https:\/\/www.secheep.gob.ar\/index.php?rest_route=%2Fwp%2Fv2%2Fcategories&post=9021"},{"taxonomy":"post_tag","embeddable":true,"href":"https:\/\/www.secheep.gob.ar\/index.php?rest_route=%2Fwp%2Fv2%2Ftags&post=9021"}],"curies":[{"name":"wp","href":"https:\/\/api.w.org\/{rel}","templated":true}]}}