{"id":9001,"date":"2025-11-28T09:34:16","date_gmt":"2025-11-28T12:34:16","guid":{"rendered":"https:\/\/www.secheep.gob.ar\/?p=9001"},"modified":"2025-11-28T09:34:16","modified_gmt":"2025-11-28T12:34:16","slug":"san-bernardo-la-paralizacion-de-una-obra-pone-en-riesgo-el-servicio-electrico-para-el-verano","status":"publish","type":"post","link":"https:\/\/www.secheep.gob.ar\/?p=9001","title":{"rendered":"San Bernardo: la paralizaci\u00f3n de una obra pone en riesgo el servicio el\u00e9ctrico para el verano"},"content":{"rendered":"<p>SECHEEP informa y advierte que, en el marco de las obras que se est\u00e1n ejecutando a lo largo de toda la provincia para fortalecer el sistema el\u00e9ctrico, una intervenci\u00f3n fundamental en la ciudad de San Bernardo \u2014correspondiente al Proyecto N\u00b0 772\/24\u2014 se encuentra paralizada por decisi\u00f3n del intendente municipal, a pesar de los descargos y presentaciones formales realizadas por la empresa.<!--more--><\/p>\n<p>La obra, que ya contaba con un avance aproximado del 20%, incluye la construcci\u00f3n de 315 metros de L\u00ednea A\u00e9rea de Media Tensi\u00f3n (LAMT), la elevaci\u00f3n y adecuaci\u00f3n de la l\u00ednea rural en 13,2 kV, y el reemplazo de postes de madera por columnas de cemento de doble terna. Estas mejoras est\u00e1n destinadas a optimizar la capacidad de distribuci\u00f3n, reducir interrupciones y estabilizar el perfil de tensi\u00f3n en toda la ciudad.<\/p>\n<p>El tramo afectado se ubica en calle Belgrano, entre Chacabuco y Ruta Provincial N\u00b0 6, y forma parte de los trabajos necesarios para garantizar la salida en 13,2 kV y asegurar la calidad del servicio durante los meses de mayor demanda.<\/p>\n<p>Secheep advierte que la paralizaci\u00f3n arbitraria de esta obra genera un serio riesgo para la provisi\u00f3n de energ\u00eda en San Bernardo durante la temporada estival. La falta de ampliaci\u00f3n de la capacidad de distribuci\u00f3n podr\u00eda obligar a implementar cortes sectorizados, ya que el sistema actual no tiene la capacidad suficiente para sostener la demanda m\u00e1xima del verano.<\/p>\n<p>Pese a haber presentado los reclamos y descargos correspondientes ante el Ejecutivo Municipal, a\u00fan no se obtuvo respuesta favorable, manteni\u00e9ndose la decisi\u00f3n que impide la continuidad de una obra esencial para la estabilidad del servicio el\u00e9ctrico.<\/p>\n<p>Desde secheep reiteramos nuestra voluntad de avanzar de manera inmediata con los trabajos, fundamentales para mejorar la calidad del suministro y evitar perjuicios a toda la comunidad de San Bernardo.<\/p>\n<p><img loading=\"lazy\" class=\"alignnone size-medium wp-image-9002\" src=\"https:\/\/www.secheep.gob.ar\/wp-content\/uploads\/2025\/11\/4df3459c-438a-496d-a385-f109a4c7a212-300x225.jpg\" alt=\"\" width=\"300\" height=\"225\" \/> <img loading=\"lazy\" class=\"alignnone size-medium wp-image-9003\" src=\"https:\/\/www.secheep.gob.ar\/wp-content\/uploads\/2025\/11\/4ca95d4e-64dd-4bc4-8e06-0eb25d216c98-225x300.jpg\" alt=\"\" width=\"225\" height=\"300\" \/><\/p>\n<p><img loading=\"lazy\" class=\"alignnone size-medium wp-image-9004\" src=\"https:\/\/www.secheep.gob.ar\/wp-content\/uploads\/2025\/11\/c4939ac9-5454-4d0e-b41a-2c4bf1dba7a7-300x225.jpg\" alt=\"\" width=\"300\" height=\"225\" \/><\/p>\n","protected":false},"excerpt":{"rendered":"<p>SECHEEP informa y advierte que, en el marco de las obras que se est\u00e1n ejecutando a lo largo de toda la provincia para fortalecer el sistema el\u00e9ctrico, una intervenci\u00f3n fundamental en la ciudad de San Bernardo \u2014correspondiente al Proyecto N\u00b0 772\/24\u2014 se encuentra paralizada por decisi\u00f3n del intendente municipal, a pesar de los descargos y [&hellip;]<\/p>\n","protected":false},"author":4,"featured_media":9002,"comment_status":"open","ping_status":"open","sticky":false,"template":"","format":"standard","meta":{"_et_pb_use_builder":"","_et_pb_old_content":"","_et_gb_content_width":"","_joinchat":[]},"categories":[3],"tags":[],"_links":{"self":[{"href":"https:\/\/www.secheep.gob.ar\/index.php?rest_route=\/wp\/v2\/posts\/9001"}],"collection":[{"href":"https:\/\/www.secheep.gob.ar\/index.php?rest_route=\/wp\/v2\/posts"}],"about":[{"href":"https:\/\/www.secheep.gob.ar\/index.php?rest_route=\/wp\/v2\/types\/post"}],"author":[{"embeddable":true,"href":"https:\/\/www.secheep.gob.ar\/index.php?rest_route=\/wp\/v2\/users\/4"}],"replies":[{"embeddable":true,"href":"https:\/\/www.secheep.gob.ar\/index.php?rest_route=%2Fwp%2Fv2%2Fcomments&post=9001"}],"version-history":[{"count":1,"href":"https:\/\/www.secheep.gob.ar\/index.php?rest_route=\/wp\/v2\/posts\/9001\/revisions"}],"predecessor-version":[{"id":9005,"href":"https:\/\/www.secheep.gob.ar\/index.php?rest_route=\/wp\/v2\/posts\/9001\/revisions\/9005"}],"wp:featuredmedia":[{"embeddable":true,"href":"https:\/\/www.secheep.gob.ar\/index.php?rest_route=\/wp\/v2\/media\/9002"}],"wp:attachment":[{"href":"https:\/\/www.secheep.gob.ar\/index.php?rest_route=%2Fwp%2Fv2%2Fmedia&parent=9001"}],"wp:term":[{"taxonomy":"category","embeddable":true,"href":"https:\/\/www.secheep.gob.ar\/index.php?rest_route=%2Fwp%2Fv2%2Fcategories&post=9001"},{"taxonomy":"post_tag","embeddable":true,"href":"https:\/\/www.secheep.gob.ar\/index.php?rest_route=%2Fwp%2Fv2%2Ftags&post=9001"}],"curies":[{"name":"wp","href":"https:\/\/api.w.org\/{rel}","templated":true}]}}