{"id":8975,"date":"2025-11-11T12:23:44","date_gmt":"2025-11-11T15:23:44","guid":{"rendered":"https:\/\/www.secheep.gob.ar\/?p=8975"},"modified":"2025-11-11T12:23:44","modified_gmt":"2025-11-11T15:23:44","slug":"secheep-acompana-la-transicion-hacia-un-nuevo-modelo-del-mercado-electrico-nacional","status":"publish","type":"post","link":"https:\/\/www.secheep.gob.ar\/?p=8975","title":{"rendered":"Secheep acompa\u00f1a la transici\u00f3n hacia un nuevo modelo del mercado el\u00e9ctrico nacional"},"content":{"rendered":"<p>El Gobierno Nacional avanza con la desregulaci\u00f3n progresiva del Mercado El\u00e9ctrico Mayorista (MEM), un proceso que redefine el rol de las distribuidoras en todo el pa\u00eds. A partir del 1\u00b0 de noviembre de 2025, las empresas provinciales como SECHEEP deber\u00e1n comenzar a contratar directamente la energ\u00eda y la potencia necesarias para abastecer su demanda, en lugar de hacerlo a trav\u00e9s de CAMMESA, la Compa\u00f1\u00eda Administradora del Mercado Mayorista El\u00e9ctrico.<!--more--><\/p>\n<p>El nuevo esquema, establecido mediante el Decreto 450\/2025 y las Resoluciones 21\/2025, 379\/2025 y 400\/2025 de la Secretar\u00eda de Energ\u00eda de la Naci\u00f3n, tiene como objetivo construir un sistema m\u00e1s competitivo, eficiente y sostenible, garantizando el suministro el\u00e9ctrico sin incrementos en los costos para los usuarios.<\/p>\n<p>&nbsp;<\/p>\n<p><strong>Cambios centrales del nuevo modelo<\/strong><\/p>\n<p>En conferencia de prensa, el Directorio de Secheep dio detalles de las implicancias de las nuevas disposiciones del Gobierno nacional. \u201cHasta ahora, Cammesa era la \u00fanica empresa habilitada por ley para comprar la energ\u00eda a los generadores y venderla a las distribuidoras de todo el pa\u00eds\u201d, grafic\u00f3 el presidente de la empresa chaque\u00f1a, Jos\u00e9 Bistoletti, quien estuvo acompa\u00f1ado de los vocales Germ\u00e1n Perelli y Ariel Mu\u00f1oz.<\/p>\n<p>Con el nuevo marco normativo, este esquema se reemplaza por un modelo de libre contrataci\u00f3n, donde cada distribuidora podr\u00e1 negociar directamente con los generadores del mercado.<\/p>\n<p>Adem\u00e1s, los grandes usuarios \u2014aquellos con demandas superiores a 300 kW\u2014 podr\u00e1n optar entre tres alternativas:<\/p>\n<ul>\n<li>Mantener su esquema actual a trav\u00e9s de Secheep,<\/li>\n<li>Contratar libremente con un generador, o<\/li>\n<li>Ingresar directamente al MEM como agentes independientes.<\/li>\n<\/ul>\n<p>Asimismo, el Programa de Gesti\u00f3n de la Demanda de Energ\u00eda (Resoluci\u00f3n 379\/2025) permitir\u00e1 que los grandes usuarios participen voluntariamente en la reducci\u00f3n del consumo durante picos de demanda, recibiendo una compensaci\u00f3n econ\u00f3mica por su contribuci\u00f3n a la estabilidad del sistema.<\/p>\n<p>&nbsp;<\/p>\n<p><strong>Secheep inicia reuniones informativas con grandes usuarios<\/strong><\/p>\n<p>En el marco de la implementaci\u00f3n gradual de las nuevas disposiciones nacionales, Secheep comenz\u00f3 a realizar una serie de reuniones informativas con los Grandes Usuarios del distribuidor, a fin de explicar los lineamientos, los plazos de aplicaci\u00f3n y las alternativas de contrataci\u00f3n que establece la Resoluci\u00f3n 400\/2025.<\/p>\n<p>Durante estos encuentros \u2014que continuar\u00e1n desarroll\u00e1ndose en distintas etapas\u2014 se abordan los aspectos t\u00e9cnicos, comerciales y regulatorios del nuevo esquema, as\u00ed como las garant\u00edas de suministro y los beneficios de participar activamente en el mercado mayorista.<\/p>\n<p>\u201cEstamos ante un cambio estructural en el sistema el\u00e9ctrico argentino, y desde Secheep vamos a acompa\u00f1ar esta transici\u00f3n con responsabilidad y planificaci\u00f3n\u201d, destac\u00f3 Bistoletti.<\/p>\n<p>\u201cNuestro compromiso es garantizar el abastecimiento a los usuarios residenciales chaque\u00f1os y, al mismo tiempo, prepararnos para negociar de manera eficiente y transparente con los generadores\u201d, agreg\u00f3.<\/p>\n<p>El titular de la empresa explic\u00f3 adem\u00e1s que este nuevo escenario \u201cimplica fortalecer las capacidades t\u00e9cnicas y comerciales de la empresa, generar acuerdos estrat\u00e9gicos y brindar asesoramiento a los grandes usuarios durante el proceso de adaptaci\u00f3n\u201d.<\/p>\n<p>&nbsp;<\/p>\n<p><strong>Compromiso provincial y sostenibilidad<\/strong><\/p>\n<p>Desde el Gobierno del Chaco se destac\u00f3 que esta nueva etapa del mercado el\u00e9ctrico nacional requiere una participaci\u00f3n activa de las provincias para garantizar que los cambios se implementen sin afectar la calidad del servicio ni la accesibilidad de la energ\u00eda.<\/p>\n<p>\u201cEl desaf\u00edo es construir un sistema m\u00e1s eficiente sin perder el sentido federal y social que caracteriza a nuestras pol\u00edticas energ\u00e9ticas\u201d, expres\u00f3 Bistoletti, quien subray\u00f3 que Secheep seguir\u00e1 trabajando junto al Gobierno Provincial y la Secretar\u00eda de Energ\u00eda de la Naci\u00f3n para asegurar una transici\u00f3n ordenada y sustentable.<\/p>\n<p>&nbsp;<\/p>\n<p><strong>En s\u00edntesis<\/strong><\/p>\n<p>Con la entrada en vigencia de la Resoluci\u00f3n 400\/2025, Secheep asume un rol m\u00e1s activo en el mercado energ\u00e9tico, con la responsabilidad de gestionar sus propios contratos de compra de energ\u00eda, acompa\u00f1ar a los grandes usuarios en la nueva operatoria y seguir garantizando el suministro a los hogares chaque\u00f1os.<\/p>\n<p>El proceso, que ser\u00e1 gradual y monitoreado por la Secretar\u00eda de Energ\u00eda, representa un paso decisivo hacia la modernizaci\u00f3n y la competitividad del sistema el\u00e9ctrico argentino, con Secheep y el Gobierno del Chaco trabajando de manera conjunta para adaptarse a esta nueva realidad.<\/p>\n<p><img loading=\"lazy\" class=\"alignnone size-medium wp-image-8976\" src=\"https:\/\/www.secheep.gob.ar\/wp-content\/uploads\/2025\/11\/FEED-1__-240x300.png\" alt=\"\" width=\"240\" height=\"300\" \/> <img loading=\"lazy\" class=\"alignnone size-medium wp-image-8977\" src=\"https:\/\/www.secheep.gob.ar\/wp-content\/uploads\/2025\/11\/FEED-2__-240x300.png\" alt=\"\" width=\"240\" height=\"300\" \/><\/p>\n<p><img loading=\"lazy\" class=\"alignnone size-medium wp-image-8978\" src=\"https:\/\/www.secheep.gob.ar\/wp-content\/uploads\/2025\/11\/FEED-3__-240x300.png\" alt=\"\" width=\"240\" height=\"300\" \/> <img loading=\"lazy\" class=\"alignnone size-medium wp-image-8979\" src=\"https:\/\/www.secheep.gob.ar\/wp-content\/uploads\/2025\/11\/FEED-4__-240x300.png\" alt=\"\" width=\"240\" height=\"300\" \/><\/p>\n<p><img loading=\"lazy\" class=\"alignnone size-medium wp-image-8980\" src=\"https:\/\/www.secheep.gob.ar\/wp-content\/uploads\/2025\/11\/FEED-5__-240x300.png\" alt=\"\" width=\"240\" height=\"300\" \/><\/p>\n","protected":false},"excerpt":{"rendered":"<p>El Gobierno Nacional avanza con la desregulaci\u00f3n progresiva del Mercado El\u00e9ctrico Mayorista (MEM), un proceso que redefine el rol de las distribuidoras en todo el pa\u00eds. A partir del 1\u00b0 de noviembre de 2025, las empresas provinciales como SECHEEP deber\u00e1n comenzar a contratar directamente la energ\u00eda y la potencia necesarias para abastecer su demanda, en [&hellip;]<\/p>\n","protected":false},"author":4,"featured_media":8981,"comment_status":"open","ping_status":"open","sticky":false,"template":"","format":"standard","meta":{"_et_pb_use_builder":"","_et_pb_old_content":"","_et_gb_content_width":"","_joinchat":[]},"categories":[3],"tags":[],"_links":{"self":[{"href":"https:\/\/www.secheep.gob.ar\/index.php?rest_route=\/wp\/v2\/posts\/8975"}],"collection":[{"href":"https:\/\/www.secheep.gob.ar\/index.php?rest_route=\/wp\/v2\/posts"}],"about":[{"href":"https:\/\/www.secheep.gob.ar\/index.php?rest_route=\/wp\/v2\/types\/post"}],"author":[{"embeddable":true,"href":"https:\/\/www.secheep.gob.ar\/index.php?rest_route=\/wp\/v2\/users\/4"}],"replies":[{"embeddable":true,"href":"https:\/\/www.secheep.gob.ar\/index.php?rest_route=%2Fwp%2Fv2%2Fcomments&post=8975"}],"version-history":[{"count":1,"href":"https:\/\/www.secheep.gob.ar\/index.php?rest_route=\/wp\/v2\/posts\/8975\/revisions"}],"predecessor-version":[{"id":8982,"href":"https:\/\/www.secheep.gob.ar\/index.php?rest_route=\/wp\/v2\/posts\/8975\/revisions\/8982"}],"wp:featuredmedia":[{"embeddable":true,"href":"https:\/\/www.secheep.gob.ar\/index.php?rest_route=\/wp\/v2\/media\/8981"}],"wp:attachment":[{"href":"https:\/\/www.secheep.gob.ar\/index.php?rest_route=%2Fwp%2Fv2%2Fmedia&parent=8975"}],"wp:term":[{"taxonomy":"category","embeddable":true,"href":"https:\/\/www.secheep.gob.ar\/index.php?rest_route=%2Fwp%2Fv2%2Fcategories&post=8975"},{"taxonomy":"post_tag","embeddable":true,"href":"https:\/\/www.secheep.gob.ar\/index.php?rest_route=%2Fwp%2Fv2%2Ftags&post=8975"}],"curies":[{"name":"wp","href":"https:\/\/api.w.org\/{rel}","templated":true}]}}