{"id":8932,"date":"2025-10-14T13:13:34","date_gmt":"2025-10-14T16:13:34","guid":{"rendered":"https:\/\/www.secheep.gob.ar\/?p=8932"},"modified":"2025-10-17T13:21:43","modified_gmt":"2025-10-17T16:21:43","slug":"mas-energia-fotovoltaica-secheep-y-dqd-conectaran-otro-parque-solar-a-la-red","status":"publish","type":"post","link":"https:\/\/www.secheep.gob.ar\/?p=8932","title":{"rendered":"Chaco suma energ\u00eda solar: Secheep y DQD conectar\u00e1n un parque a la red el\u00e9ctrica"},"content":{"rendered":"<p><em>A trav\u00e9s de la planta solar La Perla (ubicada al sur de Villa \u00c1ngela), inyectar\u00e1n 25 MW de potencia al sistema interconectado chaque\u00f1o y nacional. El proyecto, se suma a otros que permiten que el Chaco avance con paso firme en la transici\u00f3n energ\u00e9tica, para garantizar energ\u00eda limpia y sostenible.<\/em><!--more--><\/p>\n<p>A paso firme, Chaco avanza en la incorporaci\u00f3n y utilizaci\u00f3n de energ\u00edas renovables. En ese marco, Secheep rubric\u00f3 un nuevo convenio con la firma <em>DQD Energy<\/em> mediante el cual, esta \u00faltima inyectar\u00e1, desde el parque solar La Perla ubicado en zona sur de Villa \u00c1ngela, 25 megavatios (MW) de potencia energ\u00e9tica al sistema el\u00e9ctrico interconectado chaque\u00f1o y nacional.<br \/>\nLa incorporaci\u00f3n del Parque Solar La Perla al Sistema Argentino de Interconexi\u00f3n (SADI) ser\u00e1 mediante barras de 33 kV en la estaci\u00f3n transformadora Villa \u00c1ngela. Esta acci\u00f3n se enmarca en el plan de transici\u00f3n energ\u00e9tica llevada a cabo por el Gobierno provincial, con el objetivo de garantizar energ\u00eda limpia y sostenible para miles de hogares chaque\u00f1os.<br \/>\nLa nueva planta, ubicada en el departamento Fontana, al sur de la ciudad de Villa \u00c1ngela tiene una capacidad de 25 MV, a partir de 40.339 m\u00f3dulos solares instalados sobre estructuras fijas y conexi\u00f3n prevista a la red nacional. Se estima que tendr\u00e1 la capacidad de abastecer anualmente a m\u00e1s de 7.750 hogares de consumo medio.<br \/>\n\u201cImpulsados por el gobernador Leandro Zdero, seguimos dando saltos significativos en la utilizaci\u00f3n de energ\u00edas renovables en la provincia, lo cual permitir\u00e1 contar con un sistema energ\u00e9tico m\u00e1s fortalecido, para seguir avanzando hacia el objetivo que es brindar un servicio eficiente y de calidad a todos los chaque\u00f1os\u00bb, se\u00f1al\u00f3 el presidente de Secheep, Jos\u00e9 Bistoletti.<\/p>\n<p><strong>La energ\u00eda solar ya cubre el 55% del consumo en el interior provincial<br \/>\n<\/strong>Con el funcionamiento de los parques solares de Pampa del Infierno, Villa \u00c1ngela, La Corzuela y ahora el de La Perla, el 55% de la demanda el\u00e9ctrica del interior provincial durante los meses de mayor consumo ya puede abastecerse con energ\u00eda limpia y renovable, reduciendo la dependencia de fuentes tradicionales y el impacto ambiental.<\/p>\n<p><strong><em>Los proyectos en funcionamiento son:<br \/>\n<\/em><\/strong><strong>Parque Solar Pampa del Infierno (MSU Green Energy):<\/strong> 130 MW de potencia instalada, m\u00e1s de 220.000 paneles y capacidad para abastecer a decenas de miles de hogares chaque\u00f1os.<br \/>\n<strong>Parque Solar Villa \u00c1ngela (MSU Green Energy):<\/strong> 100 MW de potencia, 103.000 paneles solares y capacidad para abastecer a 45.400 hogares.<br \/>\n<strong>Parque Solar La Corzuela (MSU Green Energy):<\/strong> 40 MW de potencia, 68.000 paneles, 30.000 hogares abastecidos y reducci\u00f3n de 49.000 toneladas de CO\u2082 al a\u00f1o.<br \/>\n<strong>Parque Solar La Perla (DQD):<\/strong> Con 25 MW de potencia, 43.339 paneles, abastecimiento de 7.750 hogares, reducci\u00f3n de 16.975 toneladas de CO\u2082 al a\u00f1o.<br \/>\nCon estas obras, la provincia no solo mejora su capacidad de generaci\u00f3n y su infraestructura energ\u00e9tica, sino que tambi\u00e9n genera empleo local, impulsa inversiones privadas y fortalece el desarrollo sostenible en todo el territorio.<br \/>\nEste crecimiento en energ\u00edas renovables es parte de una estrategia provincial para garantizar energ\u00eda limpia, segura y con proyecci\u00f3n a futuro. \u201cCon planificaci\u00f3n, obras estrat\u00e9gicas y alianzas con el sector privado, seguimos construyendo un sistema energ\u00e9tico m\u00e1s eficiente para todos los chaque\u00f1os\u201d, destac\u00f3 Bistoletti.<\/p>\n<p><img loading=\"lazy\" class=\"alignnone size-medium wp-image-8935\" src=\"https:\/\/www.secheep.gob.ar\/wp-content\/uploads\/2025\/10\/solar-1-240x300.jpg\" alt=\"\" width=\"240\" height=\"300\" \/> <img loading=\"lazy\" class=\"alignnone size-medium wp-image-8936\" src=\"https:\/\/www.secheep.gob.ar\/wp-content\/uploads\/2025\/10\/solar-2-240x300.jpg\" alt=\"\" width=\"240\" height=\"300\" \/><\/p>\n<p><img loading=\"lazy\" class=\"alignnone size-medium wp-image-8937\" src=\"https:\/\/www.secheep.gob.ar\/wp-content\/uploads\/2025\/10\/solar-3-300x255.jpg\" alt=\"\" width=\"300\" height=\"255\" \/> <img loading=\"lazy\" class=\"alignnone size-medium wp-image-8938\" src=\"https:\/\/www.secheep.gob.ar\/wp-content\/uploads\/2025\/10\/solar-4-1-300x204.jpg\" alt=\"\" width=\"300\" height=\"204\" \/><\/p>\n","protected":false},"excerpt":{"rendered":"<p>A trav\u00e9s de la planta solar La Perla (ubicada al sur de Villa \u00c1ngela), inyectar\u00e1n 25 MW de potencia al sistema interconectado chaque\u00f1o y nacional. El proyecto, se suma a otros que permiten que el Chaco avance con paso firme en la transici\u00f3n energ\u00e9tica, para garantizar energ\u00eda limpia y sostenible.<\/p>\n","protected":false},"author":4,"featured_media":8933,"comment_status":"open","ping_status":"open","sticky":false,"template":"","format":"standard","meta":{"_et_pb_use_builder":"","_et_pb_old_content":"","_et_gb_content_width":"","_joinchat":[]},"categories":[3],"tags":[],"_links":{"self":[{"href":"https:\/\/www.secheep.gob.ar\/index.php?rest_route=\/wp\/v2\/posts\/8932"}],"collection":[{"href":"https:\/\/www.secheep.gob.ar\/index.php?rest_route=\/wp\/v2\/posts"}],"about":[{"href":"https:\/\/www.secheep.gob.ar\/index.php?rest_route=\/wp\/v2\/types\/post"}],"author":[{"embeddable":true,"href":"https:\/\/www.secheep.gob.ar\/index.php?rest_route=\/wp\/v2\/users\/4"}],"replies":[{"embeddable":true,"href":"https:\/\/www.secheep.gob.ar\/index.php?rest_route=%2Fwp%2Fv2%2Fcomments&post=8932"}],"version-history":[{"count":4,"href":"https:\/\/www.secheep.gob.ar\/index.php?rest_route=\/wp\/v2\/posts\/8932\/revisions"}],"predecessor-version":[{"id":8941,"href":"https:\/\/www.secheep.gob.ar\/index.php?rest_route=\/wp\/v2\/posts\/8932\/revisions\/8941"}],"wp:featuredmedia":[{"embeddable":true,"href":"https:\/\/www.secheep.gob.ar\/index.php?rest_route=\/wp\/v2\/media\/8933"}],"wp:attachment":[{"href":"https:\/\/www.secheep.gob.ar\/index.php?rest_route=%2Fwp%2Fv2%2Fmedia&parent=8932"}],"wp:term":[{"taxonomy":"category","embeddable":true,"href":"https:\/\/www.secheep.gob.ar\/index.php?rest_route=%2Fwp%2Fv2%2Fcategories&post=8932"},{"taxonomy":"post_tag","embeddable":true,"href":"https:\/\/www.secheep.gob.ar\/index.php?rest_route=%2Fwp%2Fv2%2Ftags&post=8932"}],"curies":[{"name":"wp","href":"https:\/\/api.w.org\/{rel}","templated":true}]}}