{"id":8920,"date":"2025-10-08T13:30:40","date_gmt":"2025-10-08T16:30:40","guid":{"rendered":"https:\/\/www.secheep.gob.ar\/?p=8920"},"modified":"2025-10-09T13:35:01","modified_gmt":"2025-10-09T16:35:01","slug":"multiples-trabajos-para-ampliar-la-red-electrica-de-margarita-belen","status":"publish","type":"post","link":"https:\/\/www.secheep.gob.ar\/?p=8920","title":{"rendered":"M\u00faltiples trabajos para ampliar la red el\u00e9ctrica de Margarita Bel\u00e9n"},"content":{"rendered":"<p>Secheep avanza con su plan de trabajo para elevar la calidad del servicio de cara al pr\u00f3ximo verano. En ese marco, en Margarita Bel\u00e9n, concret\u00f3 una obra de extensi\u00f3n de la red de energ\u00eda el\u00e9ctrica en media tensi\u00f3n y llevo a cabo el mantenimiento de dos de las l\u00edneas de distribuci\u00f3n que alimenta a gran parte de la localidad.<!--more--><br \/>\nAdem\u00e1s, en el marco del proyecto de regularizaci\u00f3n de conexiones domiciliarias, en los \u00faltimos cinco meses, la empresa energ\u00e9tica reemplaz\u00f3 medidores con lo se increment\u00f3 la cantidad de clientes formales y mejor\u00f3 el suministro el\u00e9ctrico en los lugares abordados.<br \/>\n\u201cEstos trabajos forman parte del plan del Gobierno provincial que apunta a mejorar la infraestructura el\u00e9ctrica en cada rinc\u00f3n de la provincia\u201d, se\u00f1al\u00f3 el presidente de Secheep, Jos\u00e9 Bistoletti. \u201cEl objetivo es elevar la calidad del servicio de suministro energ\u00e9tico en cada familia chaque\u00f1a\u201d, agreg\u00f3.<\/p>\n<p><strong>Nueva red el\u00e9ctrica y mantenimiento de la infraestructura existente<\/strong><br \/>\nDentro de las acciones llevadas a cabo, Secheep concret\u00f3 la ampliaci\u00f3n y mejora de la red el\u00e9ctrica de la zona circundante a las avenidas Pedro Barrere y Felipe Gallardo, con el objetivo de posibilitar suministro el\u00e9ctrico a unas 50 familias del lugar, algunas nuevas y otras ya existente que actualmente tienen una conexi\u00f3n insuficiente.<br \/>\nLa obra abarc\u00f3 la construcci\u00f3n de casi 300 metros de l\u00edneas de media tensi\u00f3n de 13,2 KV, adem\u00e1s de la colocaci\u00f3n de l\u00edneas de baja tensi\u00f3n y el montaje de un transformador de distribuci\u00f3n de 63 KVA. El trabajo se llev\u00f3 a cabo con recursos (humanos y de financiamiento) de Secheep.<br \/>\nAdem\u00e1s, con el objetivo de afrontar la elevada demanda el\u00e9ctrica del pr\u00f3ximo verano, las cuadrillas de la empresa energ\u00e9tica provincial llevaron a cabo el mantenimiento general de los Distribuidores 04 y 05, los cu\u00e1les alimentan a todo el casco c\u00e9ntrico y el \u00e1rea urbana de Margarita Bel\u00e9n, como tambi\u00e9n algunas \u00e1reas rurales como Costa In\u00e9 y un sector lindero a la ruta nacional N\u00ba 11.<\/p>\n<p><strong>Regularizaci\u00f3n de conexiones domiciliarias<\/strong><br \/>\nDesde el 1 de abril a la fecha, Secheep concret\u00f3 un relevamiento domiciliario que permiti\u00f3 recuperar y\/o reemplazar m\u00e1s de 560 medidores en Margarita Bel\u00e9n.<br \/>\nCon 6 operarios distribuidos en 2 m\u00f3viles, sumados a la labor de las 2 agentes del \u00e1rea administrativa, la empresa energ\u00e9tica detect\u00f3 y reemplazo medidores deteriorados y\/o quemados y\/o parados y\/o descompuestos por otros nuevos.<br \/>\nEsta acci\u00f3n, llevada a cabo tanto en la zona urbana como rural, adem\u00e1s de regularizar los suministros de cada domicilio permiti\u00f3 incorporar 70 nuevos clientes en Margarita Bel\u00e9n.<\/p>\n<p><img loading=\"lazy\" class=\"alignnone size-medium wp-image-8922\" src=\"https:\/\/www.secheep.gob.ar\/wp-content\/uploads\/2025\/10\/606bdcd1-978a-470b-80cc-cf76ee5fc312-300x262.jpg\" alt=\"\" width=\"300\" height=\"262\" \/> <img loading=\"lazy\" class=\"alignnone size-medium wp-image-8923\" src=\"https:\/\/www.secheep.gob.ar\/wp-content\/uploads\/2025\/10\/6c8ec598-3a06-4666-8671-0f6b302c7308-266x300.jpg\" alt=\"\" width=\"266\" height=\"300\" \/><\/p>\n<p><img loading=\"lazy\" class=\"alignnone size-medium wp-image-8924\" src=\"https:\/\/www.secheep.gob.ar\/wp-content\/uploads\/2025\/10\/bff2c79f-78da-41ef-b04c-05f9441da391-300x294.jpg\" alt=\"\" width=\"300\" height=\"294\" \/> <img loading=\"lazy\" class=\"alignnone size-medium wp-image-8925\" src=\"https:\/\/www.secheep.gob.ar\/wp-content\/uploads\/2025\/10\/49ad991d-026e-4d51-ad61-840d0d25d052-294x300.jpg\" alt=\"\" width=\"294\" height=\"300\" \/><br \/>\n<img loading=\"lazy\" class=\"alignnone size-medium wp-image-8926\" src=\"https:\/\/www.secheep.gob.ar\/wp-content\/uploads\/2025\/10\/b1d22f4a-8ae9-4e5c-b615-fde460bb9f51-300x284.jpg\" alt=\"\" width=\"300\" height=\"284\" \/> <img loading=\"lazy\" class=\"alignnone size-medium wp-image-8927\" src=\"https:\/\/www.secheep.gob.ar\/wp-content\/uploads\/2025\/10\/37524d05-1646-422e-9997-701426bdf0f1-279x300.jpg\" alt=\"\" width=\"279\" height=\"300\" \/><\/p>\n","protected":false},"excerpt":{"rendered":"<p>Secheep avanza con su plan de trabajo para elevar la calidad del servicio de cara al pr\u00f3ximo verano. En ese marco, en Margarita Bel\u00e9n, concret\u00f3 una obra de extensi\u00f3n de la red de energ\u00eda el\u00e9ctrica en media tensi\u00f3n y llevo a cabo el mantenimiento de dos de las l\u00edneas de distribuci\u00f3n que alimenta a gran [&hellip;]<\/p>\n","protected":false},"author":4,"featured_media":8922,"comment_status":"open","ping_status":"open","sticky":false,"template":"","format":"standard","meta":{"_et_pb_use_builder":"","_et_pb_old_content":"","_et_gb_content_width":"","_joinchat":[]},"categories":[3,1],"tags":[],"_links":{"self":[{"href":"https:\/\/www.secheep.gob.ar\/index.php?rest_route=\/wp\/v2\/posts\/8920"}],"collection":[{"href":"https:\/\/www.secheep.gob.ar\/index.php?rest_route=\/wp\/v2\/posts"}],"about":[{"href":"https:\/\/www.secheep.gob.ar\/index.php?rest_route=\/wp\/v2\/types\/post"}],"author":[{"embeddable":true,"href":"https:\/\/www.secheep.gob.ar\/index.php?rest_route=\/wp\/v2\/users\/4"}],"replies":[{"embeddable":true,"href":"https:\/\/www.secheep.gob.ar\/index.php?rest_route=%2Fwp%2Fv2%2Fcomments&post=8920"}],"version-history":[{"count":2,"href":"https:\/\/www.secheep.gob.ar\/index.php?rest_route=\/wp\/v2\/posts\/8920\/revisions"}],"predecessor-version":[{"id":8928,"href":"https:\/\/www.secheep.gob.ar\/index.php?rest_route=\/wp\/v2\/posts\/8920\/revisions\/8928"}],"wp:featuredmedia":[{"embeddable":true,"href":"https:\/\/www.secheep.gob.ar\/index.php?rest_route=\/wp\/v2\/media\/8922"}],"wp:attachment":[{"href":"https:\/\/www.secheep.gob.ar\/index.php?rest_route=%2Fwp%2Fv2%2Fmedia&parent=8920"}],"wp:term":[{"taxonomy":"category","embeddable":true,"href":"https:\/\/www.secheep.gob.ar\/index.php?rest_route=%2Fwp%2Fv2%2Fcategories&post=8920"},{"taxonomy":"post_tag","embeddable":true,"href":"https:\/\/www.secheep.gob.ar\/index.php?rest_route=%2Fwp%2Fv2%2Ftags&post=8920"}],"curies":[{"name":"wp","href":"https:\/\/api.w.org\/{rel}","templated":true}]}}