{"id":8862,"date":"2025-09-09T13:08:47","date_gmt":"2025-09-09T16:08:47","guid":{"rendered":"https:\/\/www.secheep.gob.ar\/?p=8862"},"modified":"2025-09-09T13:09:29","modified_gmt":"2025-09-09T16:09:29","slug":"intenso-trabajo-operativo-tras-el-temporal-en-el-area-metropolitana","status":"publish","type":"post","link":"https:\/\/www.secheep.gob.ar\/?p=8862","title":{"rendered":"Intenso trabajo operativo tras el temporal ca\u00eddo en el \u00e1rea metropolitana"},"content":{"rendered":"<p>El Centro de Operaciones de SECHEEP inform\u00f3 que durante el temporal de lluvia intensa ocurrido en gran parte del lunes que afect\u00f3 el servicio de energ\u00eda el\u00e9ctrica, las cuadrillas de la empresa atendieron XXX reclamos de usuarios en el \u00e1rea metropolitana del Gran Resistencia.<!--more--><br \/>\nAdem\u00e1s de decenas de reclamos individuales, las zonas m\u00e1s afectadas en donde se realizaron trabajos fueron:<br \/>\n\u2022 (de 7.15 a 11.44, con servicio parcial desde las 9.21): Zona de Ruta 16, Frigor\u00edfico Resistencia, Quality, Melmix se repararon aisladores rotos en seccionadores.<br \/>\n\u2022 (de 9.48 a 12.20): zona de Remedios de Escalada entre Corrientes y Entre R\u00edos. Reparaci\u00f3n de antena de descargador en subestaci\u00f3n transformadora.<br \/>\n\u2022 (de 10.06 a 11.46), zona de av. Sarmiento y calle 11, av. Italia entre calle 11 y Austria. Se repar\u00f3 aislador averiado en subestaci\u00f3n transformadora en Sarmiento y calle 11.<br \/>\n\u2022 (de 10.06 a 13.15), zona de Monteagudo y calle 8. Transformador quemado.<br \/>\n\u2022 (de 12.59 a 13.57), zona entre el acceso a Puerto Tirol y barrio 12 de Octubre. Se localiz\u00f3 puente de l\u00ednea de media tensi\u00f3n cortado.<br \/>\n\u2022 (de 14 a 17.20), zona de la manzana 128 del barrio Santa In\u00e9s. Incendio en gabinete de medidores.<br \/>\n\u2022 (de 18.22 a 19.30), zona de 9 de Julio entre Brasil y Guido Spano (en Barranqueras), falla en l\u00ednea de media tensi\u00f3n.<\/p>\n<p>Desde temprano los equipos se encontraron trabajando para normalizar el suministro el\u00e9ctrico lo antes posible.<br \/>\nDesde Secheep se solicita a la comunidad las disculpas del caso.<br \/>\nAnte cualquier duda, consulta y\/o reclamo, las v\u00edas de comunicaci\u00f3n son:<br \/>\n\ud83d\udcde 0800-7777-589<br \/>\n\ud83d\udcf2 WhatsApp: 364 437-7044<\/p>\n<p><img loading=\"lazy\" class=\"alignnone size-medium wp-image-8863\" src=\"https:\/\/www.secheep.gob.ar\/wp-content\/uploads\/2025\/09\/fef414c5-f26c-467e-a5af-f73d45c0c748-170x300.jpg\" alt=\"\" width=\"170\" height=\"300\" \/>\u00a0 \u00a0<img loading=\"lazy\" class=\"alignnone size-medium wp-image-8864\" src=\"https:\/\/www.secheep.gob.ar\/wp-content\/uploads\/2025\/09\/30c80d9a-1e0e-4300-9b4e-432be375f320-169x300.jpg\" alt=\"\" width=\"169\" height=\"300\" \/><\/p>\n<p><img loading=\"lazy\" class=\"alignnone size-medium wp-image-8865\" src=\"https:\/\/www.secheep.gob.ar\/wp-content\/uploads\/2025\/09\/4e8dab1a-5a2e-43e9-ba17-9f617737260c-170x300.jpg\" alt=\"\" width=\"170\" height=\"300\" \/>\u00a0 \u00a0<img loading=\"lazy\" class=\"alignnone size-medium wp-image-8866\" src=\"https:\/\/www.secheep.gob.ar\/wp-content\/uploads\/2025\/09\/b56ddeae-1a97-42c3-985a-b59c1ebd3f2d-169x300.jpg\" alt=\"\" width=\"169\" height=\"300\" \/><\/p>\n","protected":false},"excerpt":{"rendered":"<p>El Centro de Operaciones de SECHEEP inform\u00f3 que durante el temporal de lluvia intensa ocurrido en gran parte del lunes que afect\u00f3 el servicio de energ\u00eda el\u00e9ctrica, las cuadrillas de la empresa atendieron XXX reclamos de usuarios en el \u00e1rea metropolitana del Gran Resistencia.<\/p>\n","protected":false},"author":4,"featured_media":8863,"comment_status":"open","ping_status":"open","sticky":false,"template":"","format":"standard","meta":{"_et_pb_use_builder":"","_et_pb_old_content":"","_et_gb_content_width":"","_joinchat":[]},"categories":[3],"tags":[],"_links":{"self":[{"href":"https:\/\/www.secheep.gob.ar\/index.php?rest_route=\/wp\/v2\/posts\/8862"}],"collection":[{"href":"https:\/\/www.secheep.gob.ar\/index.php?rest_route=\/wp\/v2\/posts"}],"about":[{"href":"https:\/\/www.secheep.gob.ar\/index.php?rest_route=\/wp\/v2\/types\/post"}],"author":[{"embeddable":true,"href":"https:\/\/www.secheep.gob.ar\/index.php?rest_route=\/wp\/v2\/users\/4"}],"replies":[{"embeddable":true,"href":"https:\/\/www.secheep.gob.ar\/index.php?rest_route=%2Fwp%2Fv2%2Fcomments&post=8862"}],"version-history":[{"count":2,"href":"https:\/\/www.secheep.gob.ar\/index.php?rest_route=\/wp\/v2\/posts\/8862\/revisions"}],"predecessor-version":[{"id":8868,"href":"https:\/\/www.secheep.gob.ar\/index.php?rest_route=\/wp\/v2\/posts\/8862\/revisions\/8868"}],"wp:featuredmedia":[{"embeddable":true,"href":"https:\/\/www.secheep.gob.ar\/index.php?rest_route=\/wp\/v2\/media\/8863"}],"wp:attachment":[{"href":"https:\/\/www.secheep.gob.ar\/index.php?rest_route=%2Fwp%2Fv2%2Fmedia&parent=8862"}],"wp:term":[{"taxonomy":"category","embeddable":true,"href":"https:\/\/www.secheep.gob.ar\/index.php?rest_route=%2Fwp%2Fv2%2Fcategories&post=8862"},{"taxonomy":"post_tag","embeddable":true,"href":"https:\/\/www.secheep.gob.ar\/index.php?rest_route=%2Fwp%2Fv2%2Ftags&post=8862"}],"curies":[{"name":"wp","href":"https:\/\/api.w.org\/{rel}","templated":true}]}}