{"id":8838,"date":"2025-08-27T08:37:08","date_gmt":"2025-08-27T11:37:08","guid":{"rendered":"https:\/\/www.secheep.gob.ar\/?p=8838"},"modified":"2025-08-28T08:54:12","modified_gmt":"2025-08-28T11:54:12","slug":"secheep-avanza-con-obras-esenciales-para-robustecer-la-infraestructura-electrica","status":"publish","type":"post","link":"https:\/\/www.secheep.gob.ar\/?p=8838","title":{"rendered":"Secheep avanza con obras esenciales para robustecer la infraestructura el\u00e9ctrica"},"content":{"rendered":"<p>El verano se planifica hoy. A paso firme, SECHEEP avanza con la ejecuci\u00f3n de trabajos, obras e intervenciones claves en cada rinc\u00f3n de la provincia con el objetivo de fortalecer el funcionamiento de la red de energ\u00eda el\u00e9ctrica de cara al verano, cuando la demanda se dispara generando picos de consumo.<\/p>\n<p>El abordaje se enmarca en una pol\u00edtica energ\u00e9tica provincial que busca transformar estructuralmente el sistema el\u00e9ctrico chaque\u00f1o mediante inversiones sostenidas, modernizaci\u00f3n de redes, ampliaci\u00f3n de estaciones transformadoras, mantenimiento general de la infraestructura y asistencia t\u00e9cnica en zonas urbanas y rurales.<\/p>\n<p>Con proyectos nuevos en ejecuci\u00f3n en decenas de localidades, reparaci\u00f3n de la infraestructura el\u00e9ctrica, mantenimiento estrat\u00e9gico en las redes de alta, media y baja tensi\u00f3n y presencia t\u00e9cnica y operativa en todo el territorio, se trabaja para anticiparse a los picos energ\u00e9ticos de la temporada estival.<\/p>\n<p>\u201cEste esfuerzo diario es clave para garantizar que, cuando lleguen los d\u00edas de mayor calor y consumo, el sistema el\u00e9ctrico est\u00e9 preparado para dar respuestas\u201d, se\u00f1al\u00f3 el presidente de Secheep, Jos\u00e9 Bistoletti.<\/p>\n<p>&nbsp;<\/p>\n<p><strong>A lo largo y ancho de la provincia<\/strong><\/p>\n<p>Durante las \u00faltimas semanas, los trabajos realizados incluyen la ejecuci\u00f3n de nuevas obras, mantenimiento preventivo, maniobras sobre l\u00edneas troncales, adecuaciones t\u00e9cnicas y refuerzos en puntos cr\u00edticos, con el fin de optimizar la capacidad de transporte de energ\u00eda en zonas clave del territorio provincial.<\/p>\n<p>En \u00e1rea metropolitana del Gran Resistencia, se construyeron subestaciones y l\u00edneas de media y baja tensi\u00f3n en zonas como la avenida Independencia, el pasaje Jacinto P\u00e9rez, avenida Arrib\u00e1lzaga, as\u00ed como en barrios y sectores de Barranqueras, Puerto Vilelas y Fontana.<\/p>\n<p>Tambi\u00e9n se inici\u00f3 el proceso de mantenimiento preventivo de los equipos de potencia de todas las estaciones transformadoras y de rebaje y centros de distribuci\u00f3n de Resistencia y localidades aleda\u00f1as (Fontana, Puerto Tirol, Margarita Bel\u00e9n, La Leonesa, Las Palmas, Colonia Baranda, etc\u00e9tera).<\/p>\n<p>En el interior, avanza la construcci\u00f3n de una l\u00ednea a\u00e9rea de media tensi\u00f3n de 33 kV entre Villa \u00c1ngela y Coronel Du Graty, obra que tiene como objetivo abastecer de forma directa a Santa Sylvina.<\/p>\n<p>En Napenay, se lleva a cabo la instalaci\u00f3n de l\u00edneas de media y baja tensi\u00f3n que permitir\u00e1n llevar suministro el\u00e9ctrico a m\u00e1s de 70 familias de la localidad. Adem\u00e1s, en se ejecutaron trabajos en Las Lomitas, Capit\u00e1n Solari y La Verde (zona de Legua 43) y paraje El Paraisal.<\/p>\n<p>En Tres Isletas se efectu\u00f3 el cambio del transformador de intensidad en 132 kv y se realiz\u00f3 el mantenimiento de conmutador bajo carga del equipo de potencia.<\/p>\n<p>En Presidencia Roque S\u00e1enz Pe\u00f1a, se repararon conductores de la red de alta tensi\u00f3n en 132 Kv; se concreta el mantenimiento programado y preventivo de los centros de distribuci\u00f3n y se repararon seccionadores y se limpiaron l\u00edneas.<\/p>\n<p>&nbsp;<\/p>\n<p><strong>Intervenci\u00f3n en la zona norte<\/strong><\/p>\n<p>En la zona del impenetrable, son m\u00faltiples las intervenciones en localidades y parajes. A paso firme, contin\u00faa el reemplazo de postes madera por columnas de hormig\u00f3n de la l\u00ednea de media tensi\u00f3n entre Sauzal y El Sauzalito.<\/p>\n<p>En Juan Jos\u00e9 Castelli se repararon l\u00edneas e infraestructura de la red de media y baja tensi\u00f3n, se colocaron columnas en los accesos por avenida San Mart\u00edn y Prolongaci\u00f3n avenida Per\u00f3n, se mont\u00f3 una nueva subestaci\u00f3n en la Quinta 66, se construyeron bases para la red en la Chacra 9, se concretaron tareas en los barrios AIPO 1 y 2, se repararon luminarias en el acceso de la ruta 95 y se mejor\u00f3 la infraestructura en zonas rurales.<\/p>\n<p>En Miraflores se realizaron mantenimiento de l\u00edneas y se armaron bases para nuevas redes; y se cambi\u00f3 el motor del generador en Comandancia Fr\u00edas. En Zaparinqui se extendi\u00f3 y mejor\u00f3 la red para nuevos clientes; tambi\u00e9n se armaron columnas dobles de hormig\u00f3n para robustecer la l\u00ednea que une Misi\u00f3n Nueva Pompeya y El Sauzalito, donde adem\u00e1s se extendieron nuevas l\u00edneas.<\/p>\n<p>En Villa R\u00edo Bermejito se mejor\u00f3 la red el\u00e9ctrica de Paraje El Colch\u00f3n y los barrios La Playa y 40 Viviendas. Asimismo, en el Parque Nacional La Fidelidad se concret\u00f3 nuevas conexiones en el Paraje La Armon\u00eda.<\/p>\n<p>El conjunto de trabajos ser\u00e1n claves para el verano. \u201cLas intervenciones realizadas en todo el territorio provincial permitir\u00e1 mejorar la confiabilidad de la red y reforzar zonas neur\u00e1lgicas del sistema de transmisi\u00f3n y distribuci\u00f3n del suministro el\u00e9ctrico en los meses de mayor consumo\u201d, finaliz\u00f3 Bistoletti.<\/p>\n<p><img loading=\"lazy\" class=\"alignnone size-medium wp-image-8839\" src=\"https:\/\/www.secheep.gob.ar\/wp-content\/uploads\/2025\/08\/a022dce3-0cfc-4073-8dcc-c24a320b2e2a-300x247.jpg\" alt=\"\" width=\"300\" height=\"247\" \/> <img loading=\"lazy\" class=\"alignnone size-medium wp-image-8840\" src=\"https:\/\/www.secheep.gob.ar\/wp-content\/uploads\/2025\/08\/7b1b2e6f-4c7d-45b1-b459-2c543ae636a0-295x300.jpg\" alt=\"\" width=\"295\" height=\"300\" \/><\/p>\n<p><img loading=\"lazy\" class=\"alignnone size-medium wp-image-8841\" src=\"https:\/\/www.secheep.gob.ar\/wp-content\/uploads\/2025\/08\/27c4c171-2d3f-47c2-9010-f849b03b268d-300x273.jpg\" alt=\"\" width=\"300\" height=\"273\" \/> <img loading=\"lazy\" class=\"alignnone size-medium wp-image-8842\" src=\"https:\/\/www.secheep.gob.ar\/wp-content\/uploads\/2025\/08\/b7ef2293-f34a-447a-a001-8603244f22ad-300x176.jpg\" alt=\"\" width=\"300\" height=\"176\" \/><\/p>\n<p><img loading=\"lazy\" class=\"alignnone size-medium wp-image-8843\" src=\"https:\/\/www.secheep.gob.ar\/wp-content\/uploads\/2025\/08\/6780531c-0c3e-4dc2-82be-8294daef4f20-300x226.jpg\" alt=\"\" width=\"300\" height=\"226\" \/> <img loading=\"lazy\" class=\"alignnone size-medium wp-image-8844\" src=\"https:\/\/www.secheep.gob.ar\/wp-content\/uploads\/2025\/08\/8b2e162b-9385-4e5f-aed3-91b441538e10-300x245.jpg\" alt=\"\" width=\"300\" height=\"245\" \/><\/p>\n","protected":false},"excerpt":{"rendered":"<p>El verano se planifica hoy. A paso firme, SECHEEP avanza con la ejecuci\u00f3n de trabajos, obras e intervenciones claves en cada rinc\u00f3n de la provincia con el objetivo de fortalecer el funcionamiento de la red de energ\u00eda el\u00e9ctrica de cara al verano, cuando la demanda se dispara generando picos de consumo. El abordaje se enmarca [&hellip;]<\/p>\n","protected":false},"author":4,"featured_media":8839,"comment_status":"open","ping_status":"open","sticky":false,"template":"","format":"standard","meta":{"_et_pb_use_builder":"","_et_pb_old_content":"","_et_gb_content_width":"","_joinchat":[]},"categories":[3],"tags":[],"_links":{"self":[{"href":"https:\/\/www.secheep.gob.ar\/index.php?rest_route=\/wp\/v2\/posts\/8838"}],"collection":[{"href":"https:\/\/www.secheep.gob.ar\/index.php?rest_route=\/wp\/v2\/posts"}],"about":[{"href":"https:\/\/www.secheep.gob.ar\/index.php?rest_route=\/wp\/v2\/types\/post"}],"author":[{"embeddable":true,"href":"https:\/\/www.secheep.gob.ar\/index.php?rest_route=\/wp\/v2\/users\/4"}],"replies":[{"embeddable":true,"href":"https:\/\/www.secheep.gob.ar\/index.php?rest_route=%2Fwp%2Fv2%2Fcomments&post=8838"}],"version-history":[{"count":1,"href":"https:\/\/www.secheep.gob.ar\/index.php?rest_route=\/wp\/v2\/posts\/8838\/revisions"}],"predecessor-version":[{"id":8845,"href":"https:\/\/www.secheep.gob.ar\/index.php?rest_route=\/wp\/v2\/posts\/8838\/revisions\/8845"}],"wp:featuredmedia":[{"embeddable":true,"href":"https:\/\/www.secheep.gob.ar\/index.php?rest_route=\/wp\/v2\/media\/8839"}],"wp:attachment":[{"href":"https:\/\/www.secheep.gob.ar\/index.php?rest_route=%2Fwp%2Fv2%2Fmedia&parent=8838"}],"wp:term":[{"taxonomy":"category","embeddable":true,"href":"https:\/\/www.secheep.gob.ar\/index.php?rest_route=%2Fwp%2Fv2%2Fcategories&post=8838"},{"taxonomy":"post_tag","embeddable":true,"href":"https:\/\/www.secheep.gob.ar\/index.php?rest_route=%2Fwp%2Fv2%2Ftags&post=8838"}],"curies":[{"name":"wp","href":"https:\/\/api.w.org\/{rel}","templated":true}]}}