{"id":8819,"date":"2025-08-25T09:21:44","date_gmt":"2025-08-25T12:21:44","guid":{"rendered":"https:\/\/www.secheep.gob.ar\/?p=8819"},"modified":"2025-08-25T09:23:57","modified_gmt":"2025-08-25T12:23:57","slug":"8819","status":"publish","type":"post","link":"https:\/\/www.secheep.gob.ar\/?p=8819","title":{"rendered":"Secheep llevar\u00e1 El Viaje de la Energ\u00eda a la Feria Provincial de Ciencias 2025"},"content":{"rendered":"<h2>Educaci\u00f3n, energ\u00eda y ciencia<\/h2>\n<p>&nbsp;<\/p>\n<p>La<em> empresa energ\u00e9tica provincial participar\u00e1 el martes 26 de agosto en el Domo del Centenario, presentando su programa educativo para promover h\u00e1bitos responsables y conciencia ambiental en las escuelas chaque\u00f1as.<\/em><\/p>\n<p>La propuesta educativa e interactiva de SECHEEP, \u201cEl Viaje de la Energ\u00eda\u201d, estar\u00e1 presente en la instancia Provincial de la Feria de Ciencia 2025 que, organizada por el Ministerio de Educaci\u00f3n, Cultura, Ciencia y Tecnolog\u00eda del Chaco, se llevar\u00e1 a cabo el pr\u00f3ximo martes 26, desde las 9, en el Domo del Centenario \u201cZitto Segovia\u201d de Resistencia (avenida de los Inmigrantes 300).<br \/>\nEl stand de la empresa energ\u00e9tica estar\u00e1 presente en el \u00e1rea 3 de Espacios Exteriores (Gazebos, Galer\u00edas y ATM) del evento. \u201cEl Viaje de la Energ\u00eda\u201d, es una iniciativa educativa que integra el programa \u201cChaco Energ\u00e9tico y Sustentable\u201d.<br \/>\nLa propuesta est\u00e1 dirigida principalmente al nivel primario, con el objetivo de acercar a los estudiantes conocimientos sobre la generaci\u00f3n, el transporte y la distribuci\u00f3n de la electricidad. A trav\u00e9s de juegos, materiales did\u00e1cticos y experiencias participativas, se busca concientizar sobre el consumo eficiente, el impacto ambiental de la energ\u00eda y la importancia de la seguridad el\u00e9ctrica.<br \/>\nEl programa apunta a que los alumnos se conviertan en difusores de buenas pr\u00e1cticas en sus comunidades, contribuyendo a la formaci\u00f3n de ciudadanos responsables y comprometidos con la sostenibilidad.<br \/>\nAdem\u00e1s del stand de Secheep, la feria reunir\u00e1 a universidades, instituciones cient\u00edficas, fundaciones y organismos provinciales, en una jornada que celebrar\u00e1 el conocimiento y la creatividad.<\/p>\n<p><strong>C\u00f3mo sumarse al programa del Viaje de la Energ\u00eda<\/strong><br \/>\nLas escuelas interesadas en recibir la visita del proyecto pueden inscribirse completando un formulario en l\u00ednea en la p\u00e1gina oficial de Secheep:<br \/>\n\ud83d\udc49<a href=\"https:\/\/www.secheep.gob.ar\/?page_id=7623\"> Inscripci\u00f3n \u2013 El Viaje de la Energ\u00eda.<\/a><\/p>\n<p><img loading=\"lazy\" class=\"alignnone size-medium wp-image-8823\" src=\"https:\/\/www.secheep.gob.ar\/wp-content\/uploads\/2025\/08\/WhatsApp-Image-2025-08-25-at-08.35.44-300x169.jpeg\" alt=\"\" width=\"300\" height=\"169\" \/> <img loading=\"lazy\" class=\"alignnone size-medium wp-image-8824\" src=\"https:\/\/www.secheep.gob.ar\/wp-content\/uploads\/2025\/08\/WhatsApp-Image-2025-08-25-at-08.35.43-300x169.jpeg\" alt=\"\" width=\"300\" height=\"169\" \/> <img loading=\"lazy\" class=\"alignnone size-medium wp-image-8825\" src=\"https:\/\/www.secheep.gob.ar\/wp-content\/uploads\/2025\/08\/WhatsApp-Image-2025-08-25-at-08.35.42-300x169.jpeg\" alt=\"\" width=\"300\" height=\"169\" \/><\/p>\n<p>&nbsp;<\/p>\n","protected":false},"excerpt":{"rendered":"<p>Educaci\u00f3n, energ\u00eda y ciencia &nbsp; La empresa energ\u00e9tica provincial participar\u00e1 el martes 26 de agosto en el Domo del Centenario, presentando su programa educativo para promover h\u00e1bitos responsables y conciencia ambiental en las escuelas chaque\u00f1as. La propuesta educativa e interactiva de SECHEEP, \u201cEl Viaje de la Energ\u00eda\u201d, estar\u00e1 presente en la instancia Provincial de la [&hellip;]<\/p>\n","protected":false},"author":10,"featured_media":8822,"comment_status":"open","ping_status":"open","sticky":false,"template":"","format":"standard","meta":{"_et_pb_use_builder":"","_et_pb_old_content":"","_et_gb_content_width":"","_joinchat":[]},"categories":[3],"tags":[],"_links":{"self":[{"href":"https:\/\/www.secheep.gob.ar\/index.php?rest_route=\/wp\/v2\/posts\/8819"}],"collection":[{"href":"https:\/\/www.secheep.gob.ar\/index.php?rest_route=\/wp\/v2\/posts"}],"about":[{"href":"https:\/\/www.secheep.gob.ar\/index.php?rest_route=\/wp\/v2\/types\/post"}],"author":[{"embeddable":true,"href":"https:\/\/www.secheep.gob.ar\/index.php?rest_route=\/wp\/v2\/users\/10"}],"replies":[{"embeddable":true,"href":"https:\/\/www.secheep.gob.ar\/index.php?rest_route=%2Fwp%2Fv2%2Fcomments&post=8819"}],"version-history":[{"count":14,"href":"https:\/\/www.secheep.gob.ar\/index.php?rest_route=\/wp\/v2\/posts\/8819\/revisions"}],"predecessor-version":[{"id":8834,"href":"https:\/\/www.secheep.gob.ar\/index.php?rest_route=\/wp\/v2\/posts\/8819\/revisions\/8834"}],"wp:featuredmedia":[{"embeddable":true,"href":"https:\/\/www.secheep.gob.ar\/index.php?rest_route=\/wp\/v2\/media\/8822"}],"wp:attachment":[{"href":"https:\/\/www.secheep.gob.ar\/index.php?rest_route=%2Fwp%2Fv2%2Fmedia&parent=8819"}],"wp:term":[{"taxonomy":"category","embeddable":true,"href":"https:\/\/www.secheep.gob.ar\/index.php?rest_route=%2Fwp%2Fv2%2Fcategories&post=8819"},{"taxonomy":"post_tag","embeddable":true,"href":"https:\/\/www.secheep.gob.ar\/index.php?rest_route=%2Fwp%2Fv2%2Ftags&post=8819"}],"curies":[{"name":"wp","href":"https:\/\/api.w.org\/{rel}","templated":true}]}}