{"id":8763,"date":"2025-08-19T10:08:04","date_gmt":"2025-08-19T13:08:04","guid":{"rendered":"https:\/\/www.secheep.gob.ar\/?p=8763"},"modified":"2025-08-19T10:08:04","modified_gmt":"2025-08-19T13:08:04","slug":"informe-de-situacion-climatica-y-afectaciones-en-el-servicio-electrico","status":"publish","type":"post","link":"https:\/\/www.secheep.gob.ar\/?p=8763","title":{"rendered":"Informe de situaci\u00f3n clim\u00e1tica y afectaciones en el servicio el\u00e9ctrico"},"content":{"rendered":"<p>En la madrugada del martes 19 de agosto, se registr\u00f3 un fen\u00f3meno meteorol\u00f3gico de gran intensidad que comenz\u00f3 en la zona de Juan Jos\u00e9 Castelli, alrededor de la medianoche. El evento se caracteriz\u00f3 por fuertes vientos acompa\u00f1ados de lluvias intensas, que generaron complicaciones principalmente en \u00e1reas rurales.<\/p>\n<p>Posteriormente, las condiciones adversas se desplazaron hacia el sur y sudoeste de la provincia, con impacto sostenido hasta aproximadamente las 7:30 de la ma\u00f1ana, sin que se registraran mayores afectaciones en grandes centros urbanos.<\/p>\n<p>A partir de ese horario, el fen\u00f3meno avanz\u00f3 hacia la regi\u00f3n metropolitana, alcanzando a Resistencia y alrededores, donde se detectaron interrupciones puntuales en distintos puntos de la red de media y baja tensi\u00f3n.<\/p>\n<p>\ud83d\udc49 Se espera que hacia el mediod\u00eda, el fen\u00f3meno tenga mayor impacto en la zona de Resistencia y alrededores, con posibles complicaciones adicionales en el sistema el\u00e9ctrico.<\/p>\n<p>Los equipos t\u00e9cnicos de SECHEEP se encuentran trabajando de manera coordinada en todas las localidades afectadas, con el objetivo de restablecer el servicio en el menor tiempo posible, priorizando la seguridad de los trabajadores y de la comunidad.<\/p>\n<p>&nbsp;<\/p>\n","protected":false},"excerpt":{"rendered":"<p>En la madrugada del martes 19 de agosto, se registr\u00f3 un fen\u00f3meno meteorol\u00f3gico de gran intensidad que comenz\u00f3 en la zona de Juan Jos\u00e9 Castelli, alrededor de la medianoche. El evento se caracteriz\u00f3 por fuertes vientos acompa\u00f1ados de lluvias intensas, que generaron complicaciones principalmente en \u00e1reas rurales. Posteriormente, las condiciones adversas se desplazaron hacia el [&hellip;]<\/p>\n","protected":false},"author":10,"featured_media":8765,"comment_status":"open","ping_status":"open","sticky":false,"template":"","format":"standard","meta":{"_et_pb_use_builder":"","_et_pb_old_content":"","_et_gb_content_width":"","_joinchat":[]},"categories":[3],"tags":[],"_links":{"self":[{"href":"https:\/\/www.secheep.gob.ar\/index.php?rest_route=\/wp\/v2\/posts\/8763"}],"collection":[{"href":"https:\/\/www.secheep.gob.ar\/index.php?rest_route=\/wp\/v2\/posts"}],"about":[{"href":"https:\/\/www.secheep.gob.ar\/index.php?rest_route=\/wp\/v2\/types\/post"}],"author":[{"embeddable":true,"href":"https:\/\/www.secheep.gob.ar\/index.php?rest_route=\/wp\/v2\/users\/10"}],"replies":[{"embeddable":true,"href":"https:\/\/www.secheep.gob.ar\/index.php?rest_route=%2Fwp%2Fv2%2Fcomments&post=8763"}],"version-history":[{"count":4,"href":"https:\/\/www.secheep.gob.ar\/index.php?rest_route=\/wp\/v2\/posts\/8763\/revisions"}],"predecessor-version":[{"id":8768,"href":"https:\/\/www.secheep.gob.ar\/index.php?rest_route=\/wp\/v2\/posts\/8763\/revisions\/8768"}],"wp:featuredmedia":[{"embeddable":true,"href":"https:\/\/www.secheep.gob.ar\/index.php?rest_route=\/wp\/v2\/media\/8765"}],"wp:attachment":[{"href":"https:\/\/www.secheep.gob.ar\/index.php?rest_route=%2Fwp%2Fv2%2Fmedia&parent=8763"}],"wp:term":[{"taxonomy":"category","embeddable":true,"href":"https:\/\/www.secheep.gob.ar\/index.php?rest_route=%2Fwp%2Fv2%2Fcategories&post=8763"},{"taxonomy":"post_tag","embeddable":true,"href":"https:\/\/www.secheep.gob.ar\/index.php?rest_route=%2Fwp%2Fv2%2Ftags&post=8763"}],"curies":[{"name":"wp","href":"https:\/\/api.w.org\/{rel}","templated":true}]}}