{"id":8758,"date":"2025-08-13T11:46:41","date_gmt":"2025-08-13T14:46:41","guid":{"rendered":"https:\/\/www.secheep.gob.ar\/?p=8758"},"modified":"2025-08-13T11:46:41","modified_gmt":"2025-08-13T14:46:41","slug":"%e2%9a%a0%ef%b8%8f-mantenimiento-preventivo-en-la-estacion-transformadora-%e2%9a%a0%ef%b8%8f","status":"publish","type":"post","link":"https:\/\/www.secheep.gob.ar\/?p=8758","title":{"rendered":"\u26a0\ufe0f Mantenimiento preventivo en la estaci\u00f3n transformadora \u26a0\ufe0f"},"content":{"rendered":"<p>Del 14 al 24 de agosto, la estaci\u00f3n estar\u00e1 fuera de servicio por tareas preventivas para evitar posibles fallas en el transformador . Podr\u00edan verse afectadas Quitilipi, Presidencia Roque S\u00e1enz Pe\u00f1a, Villa \u00c1ngela, Charata, Castelli y localidades cercanas.<\/p>\n<p>Con el aporte de parques solares, centrales t\u00e9rmicas y la reconfiguraci\u00f3n de la red, se espera cubrir la demanda, aunque podr\u00edan aplicarse restricciones temporales si el consumo es muy alto. Se recomienda hacer un uso responsable de la energ\u00eda el\u00e9ctrica durante este per\u00edodo.<\/p>\n","protected":false},"excerpt":{"rendered":"<p>Del 14 al 24 de agosto, la estaci\u00f3n estar\u00e1 fuera de servicio por tareas preventivas para evitar posibles fallas en el transformador . Podr\u00edan verse afectadas Quitilipi, Presidencia Roque S\u00e1enz Pe\u00f1a, Villa \u00c1ngela, Charata, Castelli y localidades cercanas. Con el aporte de parques solares, centrales t\u00e9rmicas y la reconfiguraci\u00f3n de la red, se espera cubrir [&hellip;]<\/p>\n","protected":false},"author":10,"featured_media":8759,"comment_status":"open","ping_status":"open","sticky":false,"template":"","format":"standard","meta":{"_et_pb_use_builder":"","_et_pb_old_content":"","_et_gb_content_width":"","_joinchat":[]},"categories":[1],"tags":[],"_links":{"self":[{"href":"https:\/\/www.secheep.gob.ar\/index.php?rest_route=\/wp\/v2\/posts\/8758"}],"collection":[{"href":"https:\/\/www.secheep.gob.ar\/index.php?rest_route=\/wp\/v2\/posts"}],"about":[{"href":"https:\/\/www.secheep.gob.ar\/index.php?rest_route=\/wp\/v2\/types\/post"}],"author":[{"embeddable":true,"href":"https:\/\/www.secheep.gob.ar\/index.php?rest_route=\/wp\/v2\/users\/10"}],"replies":[{"embeddable":true,"href":"https:\/\/www.secheep.gob.ar\/index.php?rest_route=%2Fwp%2Fv2%2Fcomments&post=8758"}],"version-history":[{"count":1,"href":"https:\/\/www.secheep.gob.ar\/index.php?rest_route=\/wp\/v2\/posts\/8758\/revisions"}],"predecessor-version":[{"id":8760,"href":"https:\/\/www.secheep.gob.ar\/index.php?rest_route=\/wp\/v2\/posts\/8758\/revisions\/8760"}],"wp:featuredmedia":[{"embeddable":true,"href":"https:\/\/www.secheep.gob.ar\/index.php?rest_route=\/wp\/v2\/media\/8759"}],"wp:attachment":[{"href":"https:\/\/www.secheep.gob.ar\/index.php?rest_route=%2Fwp%2Fv2%2Fmedia&parent=8758"}],"wp:term":[{"taxonomy":"category","embeddable":true,"href":"https:\/\/www.secheep.gob.ar\/index.php?rest_route=%2Fwp%2Fv2%2Fcategories&post=8758"},{"taxonomy":"post_tag","embeddable":true,"href":"https:\/\/www.secheep.gob.ar\/index.php?rest_route=%2Fwp%2Fv2%2Ftags&post=8758"}],"curies":[{"name":"wp","href":"https:\/\/api.w.org\/{rel}","templated":true}]}}