{"id":8527,"date":"2025-06-30T11:30:11","date_gmt":"2025-06-30T14:30:11","guid":{"rendered":"https:\/\/www.secheep.gob.ar\/?p=8527"},"modified":"2025-06-30T11:40:50","modified_gmt":"2025-06-30T14:40:50","slug":"secheep-refuerza-el-alumbrado-publico-con-tareas-de-poda-responsable-en-el-centro-y-barrios-del-gran-resistencia","status":"publish","type":"post","link":"https:\/\/www.secheep.gob.ar\/?p=8527","title":{"rendered":"Secheep refuerza el alumbrado p\u00fablico con tareas de poda responsable en el centro y barrios del Gran Resistencia"},"content":{"rendered":"<p>&nbsp;<\/p>\n<p><em>El presidente de Secheep, Jos\u00e9 Hilario Bistoletti, supervis\u00f3 los trabajos de alumbrado p\u00fablico y poda responsable que se est\u00e1n llevando adelante en distintos puntos estrat\u00e9gicos de Resistencia, Fontana y zonas aleda\u00f1as.<\/em><\/p>\n<p>Las tareas se enmarcan en un trabajo conjunto con la Municipalidad de Resistencia, con el objetivo de mejorar la iluminaci\u00f3n urbana, garantizar mayor seguridad y visibilidad, y preservar tanto el arbolado como la fauna local. Todo el operativo se desarrolla bajo criterios t\u00e9cnicos y ambientales que priorizan el equilibrio entre el servicio y el cuidado del entorno.<\/p>\n<p>En el \u00e1rea c\u00e9ntrica de la ciudad se implementa un plan de poda responsable y programada, que contempla dos d\u00edas semanales de intervenci\u00f3n con cortes parciales de calles, lo que permite avanzar con orden, eficiencia y el menor impacto posible en la circulaci\u00f3n urbana.<\/p>\n<p><img loading=\"lazy\" class=\"alignnone size-medium wp-image-8529\" src=\"https:\/\/www.secheep.gob.ar\/wp-content\/uploads\/2025\/06\/WhatsApp-Image-2025-06-30-at-10.31.09-AM-300x225.jpeg\" alt=\"\" width=\"300\" height=\"225\" \/> <img loading=\"lazy\" class=\"alignnone size-medium wp-image-8530\" src=\"https:\/\/www.secheep.gob.ar\/wp-content\/uploads\/2025\/06\/WhatsApp-Image-2025-06-30-at-10.37.37-AM-1-300x250.jpeg\" alt=\"\" width=\"300\" height=\"250\" \/><\/p>\n<p>Las intervenciones incluyen no solo el despeje de ramas que interfieren con el tendido el\u00e9ctrico, sino tambi\u00e9n trabajos espec\u00edficos de mejora del alumbrado p\u00fablico, tales como:<br \/>\n\u2022 Recambio de luminarias en mal estado<br \/>\n\u2022 Reparaci\u00f3n de conexiones el\u00e9ctricas<br \/>\n\u2022 Instalaci\u00f3n de nuevos puntos de luz en sectores con baja visibilidad<br \/>\n\u2022 Refuerzo de iluminaci\u00f3n en avenidas y zonas de alto tr\u00e1nsito<\/p>\n<p>Estas acciones ya se vienen ejecutando en sectores como el barrio Aramburu, avenidas 25 de Mayo, Alvear, Juana Azurduy y Malvinas Argentinas, as\u00ed como a lo largo de la Ruta Nacional 11, desde el Aut\u00f3dromo hasta Malvinas Argentinas, incluyendo tambi\u00e9n los sectores posteriores a la ruta. Adem\u00e1s, se intervinieron diferentes barrios de Fontana y calles c\u00e9ntricas de Resistencia como L\u00f3pez y Planes, French, Ayacucho, Saavedra y C\u00f3rdoba (tramo del 0 al 500).<\/p>\n<p><strong>\u201cEstamos haciendo una intervenci\u00f3n integral y responsable: mejoramos la infraestructura el\u00e9ctrica sin descuidar el arbolado ni la biodiversidad urbana. La poda no es una acci\u00f3n aislada, es una tarea t\u00e9cnica y ambiental que planificamos con seriedad y en equipo, en coordinaci\u00f3n con la Municipalidad de Resistencia\u201d, afirm\u00f3 el presidente de Secheep, Jos\u00e9 Hilario Bistoletti.<\/strong><\/p>\n<p><img loading=\"lazy\" class=\"alignnone size-medium wp-image-8531\" src=\"https:\/\/www.secheep.gob.ar\/wp-content\/uploads\/2025\/06\/WhatsApp-Image-2025-06-30-at-10.30.58-AM-300x225.jpeg\" alt=\"\" width=\"300\" height=\"225\" \/> <img loading=\"lazy\" class=\"alignnone size-medium wp-image-8532\" src=\"https:\/\/www.secheep.gob.ar\/wp-content\/uploads\/2025\/06\/WhatsApp-Image-2025-06-30-at-10.31.09-AM-1-300x225.jpeg\" alt=\"\" width=\"300\" height=\"225\" \/><\/p>\n<p>El operativo continuar\u00e1 en las pr\u00f3ximas semanas con nuevas zonas priorizadas seg\u00fan diagn\u00f3stico t\u00e9cnico, reclamos vecinales y la coordinaci\u00f3n con equipos municipales. La meta es llegar a m\u00e1s barrios con soluciones concretas y sustentables, fortaleciendo la infraestructura energ\u00e9tica con una mirada integral.<\/p>\n<p>\u201cQueremos que los vecinos vean resultados: m\u00e1s luz, m\u00e1s seguridad y una ciudad cuidada. Por eso planificamos cada paso y lo hacemos con responsabilidad. No es solo mantenimiento, es presencia del Estado, es mejorar la vida cotidiana\u201d, agreg\u00f3 Bistoletti.<\/p>\n<p><em>\u201cEn esta ciudad hace m\u00e1s de cuatro a\u00f1os que no se realizaba un operativo de estas caracter\u00edsticas. Sabemos que Resistencia es una ciudad muy favorecida por su arboleda, y por eso estamos llevando adelante una poda responsable, planificada, que nos permita mejorar el alumbrado p\u00fablico sin da\u00f1ar el entorno natural\u201d, concluy\u00f3 el titular de Secheep.<\/em><\/p>\n","protected":false},"excerpt":{"rendered":"<p>&nbsp; El presidente de Secheep, Jos\u00e9 Hilario Bistoletti, supervis\u00f3 los trabajos de alumbrado p\u00fablico y poda responsable que se est\u00e1n llevando adelante en distintos puntos estrat\u00e9gicos de Resistencia, Fontana y zonas aleda\u00f1as. Las tareas se enmarcan en un trabajo conjunto con la Municipalidad de Resistencia, con el objetivo de mejorar la iluminaci\u00f3n urbana, garantizar mayor [&hellip;]<\/p>\n","protected":false},"author":10,"featured_media":8531,"comment_status":"open","ping_status":"open","sticky":false,"template":"","format":"standard","meta":{"_et_pb_use_builder":"","_et_pb_old_content":"","_et_gb_content_width":"","_joinchat":[]},"categories":[1],"tags":[],"_links":{"self":[{"href":"https:\/\/www.secheep.gob.ar\/index.php?rest_route=\/wp\/v2\/posts\/8527"}],"collection":[{"href":"https:\/\/www.secheep.gob.ar\/index.php?rest_route=\/wp\/v2\/posts"}],"about":[{"href":"https:\/\/www.secheep.gob.ar\/index.php?rest_route=\/wp\/v2\/types\/post"}],"author":[{"embeddable":true,"href":"https:\/\/www.secheep.gob.ar\/index.php?rest_route=\/wp\/v2\/users\/10"}],"replies":[{"embeddable":true,"href":"https:\/\/www.secheep.gob.ar\/index.php?rest_route=%2Fwp%2Fv2%2Fcomments&post=8527"}],"version-history":[{"count":1,"href":"https:\/\/www.secheep.gob.ar\/index.php?rest_route=\/wp\/v2\/posts\/8527\/revisions"}],"predecessor-version":[{"id":8533,"href":"https:\/\/www.secheep.gob.ar\/index.php?rest_route=\/wp\/v2\/posts\/8527\/revisions\/8533"}],"wp:featuredmedia":[{"embeddable":true,"href":"https:\/\/www.secheep.gob.ar\/index.php?rest_route=\/wp\/v2\/media\/8531"}],"wp:attachment":[{"href":"https:\/\/www.secheep.gob.ar\/index.php?rest_route=%2Fwp%2Fv2%2Fmedia&parent=8527"}],"wp:term":[{"taxonomy":"category","embeddable":true,"href":"https:\/\/www.secheep.gob.ar\/index.php?rest_route=%2Fwp%2Fv2%2Fcategories&post=8527"},{"taxonomy":"post_tag","embeddable":true,"href":"https:\/\/www.secheep.gob.ar\/index.php?rest_route=%2Fwp%2Fv2%2Ftags&post=8527"}],"curies":[{"name":"wp","href":"https:\/\/api.w.org\/{rel}","templated":true}]}}