{"id":8497,"date":"2025-06-04T09:16:40","date_gmt":"2025-06-04T12:16:40","guid":{"rendered":"https:\/\/www.secheep.gob.ar\/?p=8497"},"modified":"2025-06-04T09:17:35","modified_gmt":"2025-06-04T12:17:35","slug":"el-verano-se-planifica-hoy-secheep-avanza-con-obras-clave-para-fortalecer-la-red-electrica","status":"publish","type":"post","link":"https:\/\/www.secheep.gob.ar\/?p=8497","title":{"rendered":"EL VERANO SE PLANIFICA HOY: SECHEEP AVANZA CON OBRAS CLAVE PARA FORTALECER LA RED EL\u00c9CTRICA."},"content":{"rendered":"<p>Con mantenimiento estrat\u00e9gico en alta y media tensi\u00f3n y presencia t\u00e9cnica en todo el territorio, la empresa provincial trabaja para anticiparse a los picos de demanda energ\u00e9tica.<audio class=\"audio-for-speech\"><\/audio><\/p>\n<div><\/div>\n<div>En el marco de una planificaci\u00f3n anticipada que prioriza la mejora continua del servicio el\u00e9ctrico, la empresa Secheep ejecut\u00f3 este domingo 1 de junio un importante operativo t\u00e9cnico en m\u00e1s de 15 localidades del interior chaque\u00f1o, con tareas sobre redes de alta y media tensi\u00f3n. Estas acciones forman parte de un plan integral de mantenimiento e inversi\u00f3n energ\u00e9tica que se desarrolla de manera sostenida desde el a\u00f1o pasado y que tiene como principal objetivo llegar al verano 2026 con un sistema el\u00e9ctrico m\u00e1s confiable, eficiente y preparado para dar respuestas.<\/div>\n<div><\/div>\n<div>Los trabajos realizados incluyeron mantenimiento preventivo, maniobras sobre l\u00edneas troncales, adecuaciones t\u00e9cnicas y refuerzos en puntos cr\u00edticos, con el fin de optimizar la capacidad de transporte de energ\u00eda en zonas clave del territorio provincial. Este tipo de acciones permiten reducir riesgos de fallas en \u00e9pocas de alta demanda y mejorar la calidad del servicio para miles de usuarios.<\/div>\n<div><\/div>\n<div>\ud83d\udccd Localidades alcanzadas por el operativo:<\/div>\n<div><\/div>\n<div>De 07:00 a 11:00 hs: Villa \u00c1ngela, Santa Sylvina, Coronel Du Graty, Enrique Urien, Samuh\u00fa, Haumonia, Horquilla y Charadai.<\/div>\n<div>De 06:00 a 11:00 hs: Los Frentones y R\u00edo Muerto.<\/div>\n<div>De 08:00 a 11:00 hs: Charata, Las Bre\u00f1as, General Pinedo, Gancedo, Hermoso Campo, Pampa del Infierno y Campo Largo.<\/div>\n<div><\/div>\n<div>Adem\u00e1s del alcance territorial, el operativo incluy\u00f3 maniobras espec\u00edficas en estaciones transformadoras clave como Villa \u00c1ngela y Charata, donde se llevaron adelante tareas de alta complejidad t\u00e9cnica. Entre ellas se destacan:<\/div>\n<div>\u2022Cambio de transformadores de intensidad (TI), ajustes de protecciones, mantenimiento general y poda sobre salidas de 13,2 kV en la ET Villa \u00c1ngela.<\/div>\n<div>\u2022Trabajos sobre la l\u00ednea de 132 kV entre la ET Chaco y Charata, incluyendo cambio de aisladores da\u00f1ados, mantenimiento de transformadores y normalizaci\u00f3n con respaldo de generaci\u00f3n local.<\/div>\n<div>Estas intervenciones permitieron mejorar la confiabilidad de la red y reforzar zonas neur\u00e1lgicas del sistema de transmisi\u00f3n.<\/div>\n<div><\/div>\n<div>Las tareas fueron ejecutadas en jornada dominical, reflejando el alto compromiso del personal t\u00e9cnico-operativo de Secheep, que trabaja de forma articulada con los centros operativos regionales, incluso fuera de los d\u00edas h\u00e1biles, para sostener un plan que implica presencia territorial constante y capacidad de respuesta coordinada.<\/div>\n<div><\/div>\n<div><strong>Desde el Directorio de la empresa expresaron:<\/strong><\/div>\n<div><\/div>\n<div>\u201cEstamos planificando hoy el verano del a\u00f1o que viene. Ese es el sentido de la gesti\u00f3n que llevamos adelante: anticiparnos, estar en el territorio, invertir y trabajar. Este esfuerzo diario es clave para garantizar que, cuando lleguen los d\u00edas de mayor calor y consumo, el sistema el\u00e9ctrico est\u00e9 preparado para dar respuestas\u201d.<\/div>\n<div><\/div>\n<div>Este operativo se enmarca en una pol\u00edtica energ\u00e9tica provincial que busca transformar estructuralmente el sistema el\u00e9ctrico chaque\u00f1o mediante inversiones sostenidas, modernizaci\u00f3n de redes, ampliaci\u00f3n de estaciones transformadoras, poda preventiva y asistencia t\u00e9cnica en zonas urbanas y rurales.<\/div>\n<div><\/div>\n<div>El objetivo de Secheep no es solamente atender emergencias, sino planificar y sostener una mejora progresiva del servicio, que se traduzca en mayor confiabilidad, mejores tiempos de respuesta ante contingencias y mayor cobertura. Para eso, el trabajo no se detiene, ni siquiera los fines de semana.<\/div>\n<div><\/div>\n<div>Con una mirada estrat\u00e9gica, operativa y territorial, Secheep reafirma su compromiso con cada localidad chaque\u00f1a.<\/div>\n<div><\/div>\n<div>\n<div class=\"et_pb_slider et_pb_slider_fullwidth_off et_pb_gallery_post_type\">\n\t\t\t\t<div class=\"et_pb_slides\">\n\t\t\t\t\t<div class=\"et_pb_slide\" style=\"background: url(https:\/\/www.secheep.gob.ar\/wp-content\/uploads\/2025\/06\/imagen4.jpeg);\"><\/div><div class=\"et_pb_slide\" style=\"background: url(https:\/\/www.secheep.gob.ar\/wp-content\/uploads\/2025\/06\/imagen3.jpeg);\"><\/div><div class=\"et_pb_slide\" style=\"background: url(https:\/\/www.secheep.gob.ar\/wp-content\/uploads\/2025\/06\/imagen2.jpeg);\"><\/div><div class=\"et_pb_slide\" style=\"background: url(https:\/\/www.secheep.gob.ar\/wp-content\/uploads\/2025\/06\/imagen1.jpeg);\"><\/div>\n\t\t\t\t<\/div>\n\t\t\t<\/div>\n<\/div>\n","protected":false},"excerpt":{"rendered":"<p>Con mantenimiento estrat\u00e9gico en alta y media tensi\u00f3n y presencia t\u00e9cnica en todo el territorio, la empresa provincial trabaja para anticiparse a los picos de demanda energ\u00e9tica. En el marco de una planificaci\u00f3n anticipada que prioriza la mejora continua del servicio el\u00e9ctrico, la empresa Secheep ejecut\u00f3 este domingo 1 de junio un importante operativo t\u00e9cnico [&hellip;]<\/p>\n","protected":false},"author":7,"featured_media":8501,"comment_status":"open","ping_status":"open","sticky":false,"template":"","format":"standard","meta":{"_et_pb_use_builder":"","_et_pb_old_content":"","_et_gb_content_width":"","_joinchat":[]},"categories":[3],"tags":[],"_links":{"self":[{"href":"https:\/\/www.secheep.gob.ar\/index.php?rest_route=\/wp\/v2\/posts\/8497"}],"collection":[{"href":"https:\/\/www.secheep.gob.ar\/index.php?rest_route=\/wp\/v2\/posts"}],"about":[{"href":"https:\/\/www.secheep.gob.ar\/index.php?rest_route=\/wp\/v2\/types\/post"}],"author":[{"embeddable":true,"href":"https:\/\/www.secheep.gob.ar\/index.php?rest_route=\/wp\/v2\/users\/7"}],"replies":[{"embeddable":true,"href":"https:\/\/www.secheep.gob.ar\/index.php?rest_route=%2Fwp%2Fv2%2Fcomments&post=8497"}],"version-history":[{"count":2,"href":"https:\/\/www.secheep.gob.ar\/index.php?rest_route=\/wp\/v2\/posts\/8497\/revisions"}],"predecessor-version":[{"id":8503,"href":"https:\/\/www.secheep.gob.ar\/index.php?rest_route=\/wp\/v2\/posts\/8497\/revisions\/8503"}],"wp:featuredmedia":[{"embeddable":true,"href":"https:\/\/www.secheep.gob.ar\/index.php?rest_route=\/wp\/v2\/media\/8501"}],"wp:attachment":[{"href":"https:\/\/www.secheep.gob.ar\/index.php?rest_route=%2Fwp%2Fv2%2Fmedia&parent=8497"}],"wp:term":[{"taxonomy":"category","embeddable":true,"href":"https:\/\/www.secheep.gob.ar\/index.php?rest_route=%2Fwp%2Fv2%2Fcategories&post=8497"},{"taxonomy":"post_tag","embeddable":true,"href":"https:\/\/www.secheep.gob.ar\/index.php?rest_route=%2Fwp%2Fv2%2Ftags&post=8497"}],"curies":[{"name":"wp","href":"https:\/\/api.w.org\/{rel}","templated":true}]}}