{"id":8469,"date":"2025-04-29T13:08:44","date_gmt":"2025-04-29T16:08:44","guid":{"rendered":"https:\/\/www.secheep.gob.ar\/?p=8469"},"modified":"2025-04-29T13:08:44","modified_gmt":"2025-04-29T16:08:44","slug":"este-miercoles-30-el-operativo-integral-en-terreno-llega-a-tres-isletas","status":"publish","type":"post","link":"https:\/\/www.secheep.gob.ar\/?p=8469","title":{"rendered":"Este mi\u00e9rcoles 30, el operativo integral en terreno llega a Tres Isletas"},"content":{"rendered":"<p>El mi\u00e9rcoles 30 de abril, en Tres Isletas, el Gobierno Provincial llevar\u00e1 adelante un nuevo Operativo Integral en Terreno, acercando a la comunidad distintos organismos para brindar asesoramiento y facilitar tr\u00e1mites esenciales.<!--more--><br \/>\n\ud83d\udccd Lugar: Fundaci\u00f3n \u201cTodos x amor\u201d (Chile 850)<br \/>\n\ud83d\udd58 Horario: 08:00 a 13:00 hs.<br \/>\nEn esta jornada participar\u00e1n Secheep, IPRODICH, Salud P\u00fablica y el programa social \u00d1achec, ofreciendo atenci\u00f3n personalizada para quienes necesiten gestionar documentaci\u00f3n, realizar consultas sobre servicios esenciales y acceder a distintos beneficios.<br \/>\n\ud83d\udd39 DNI y Pasaporte: renovaci\u00f3n, primer documento, actualizaci\u00f3n y emisi\u00f3n de pasaporte.<br \/>\n\ud83d\udd39 Secheep: consulta de facturas y financiaci\u00f3n de deudas.<br \/>\n\ud83d\udd39 IPRODICH: asesoramiento legal, gesti\u00f3n del Certificado \u00danico de Discapacidad (CUD), solicitud de ayudas t\u00e9cnicas y orientaci\u00f3n en tr\u00e1mites de vivienda, transporte y servicios p\u00fablicos.<br \/>\n\ud83d\udd39 IPRODICH: asesoramiento legal, gesti\u00f3n del Certificado \u00danico de Discapacidad (CUD), solicitud de ayudas t\u00e9cnicas y orientaci\u00f3n en tr\u00e1mites de vivienda, transporte y servicios p\u00fablicos.<br \/>\n\ud83d\udca1 Acercate y aprovech\u00e1 esta oportunidad para resolver tus consultas y gestionar tus tr\u00e1mites sin salir de tu localidad. \u00a1Te esperamos!<\/p>\n<p><img loading=\"lazy\" class=\"alignnone size-medium wp-image-8470\" src=\"https:\/\/www.secheep.gob.ar\/wp-content\/uploads\/2025\/04\/Para-web-claraaa-300x169.png\" alt=\"\" width=\"300\" height=\"169\" \/><\/p>\n","protected":false},"excerpt":{"rendered":"<p>El mi\u00e9rcoles 30 de abril, en Tres Isletas, el Gobierno Provincial llevar\u00e1 adelante un nuevo Operativo Integral en Terreno, acercando a la comunidad distintos organismos para brindar asesoramiento y facilitar tr\u00e1mites esenciales.<\/p>\n","protected":false},"author":4,"featured_media":8470,"comment_status":"open","ping_status":"open","sticky":false,"template":"","format":"standard","meta":{"_et_pb_use_builder":"","_et_pb_old_content":"","_et_gb_content_width":"","_joinchat":[]},"categories":[3],"tags":[],"_links":{"self":[{"href":"https:\/\/www.secheep.gob.ar\/index.php?rest_route=\/wp\/v2\/posts\/8469"}],"collection":[{"href":"https:\/\/www.secheep.gob.ar\/index.php?rest_route=\/wp\/v2\/posts"}],"about":[{"href":"https:\/\/www.secheep.gob.ar\/index.php?rest_route=\/wp\/v2\/types\/post"}],"author":[{"embeddable":true,"href":"https:\/\/www.secheep.gob.ar\/index.php?rest_route=\/wp\/v2\/users\/4"}],"replies":[{"embeddable":true,"href":"https:\/\/www.secheep.gob.ar\/index.php?rest_route=%2Fwp%2Fv2%2Fcomments&post=8469"}],"version-history":[{"count":2,"href":"https:\/\/www.secheep.gob.ar\/index.php?rest_route=\/wp\/v2\/posts\/8469\/revisions"}],"predecessor-version":[{"id":8472,"href":"https:\/\/www.secheep.gob.ar\/index.php?rest_route=\/wp\/v2\/posts\/8469\/revisions\/8472"}],"wp:featuredmedia":[{"embeddable":true,"href":"https:\/\/www.secheep.gob.ar\/index.php?rest_route=\/wp\/v2\/media\/8470"}],"wp:attachment":[{"href":"https:\/\/www.secheep.gob.ar\/index.php?rest_route=%2Fwp%2Fv2%2Fmedia&parent=8469"}],"wp:term":[{"taxonomy":"category","embeddable":true,"href":"https:\/\/www.secheep.gob.ar\/index.php?rest_route=%2Fwp%2Fv2%2Fcategories&post=8469"},{"taxonomy":"post_tag","embeddable":true,"href":"https:\/\/www.secheep.gob.ar\/index.php?rest_route=%2Fwp%2Fv2%2Ftags&post=8469"}],"curies":[{"name":"wp","href":"https:\/\/api.w.org\/{rel}","templated":true}]}}