{"id":8453,"date":"2025-04-03T11:58:18","date_gmt":"2025-04-03T14:58:18","guid":{"rendered":"https:\/\/www.secheep.gob.ar\/?p=8453"},"modified":"2025-04-03T11:58:18","modified_gmt":"2025-04-03T14:58:18","slug":"el-operativo-integral-en-terreno-llega-a-villa-angela","status":"publish","type":"post","link":"https:\/\/www.secheep.gob.ar\/?p=8453","title":{"rendered":"El Operativo Integral en Terreno llega a Villa \u00c1ngela"},"content":{"rendered":"<p class=\"p1\">Este <b>viernes 4 de abril<\/b>, el Gobierno Provincial llevar\u00e1 adelante un <b>Operativo Integral en Terreno<\/b>, acercando a la comunidad distintos organismos para brindar asesoramiento y facilitar tr\u00e1mites esenciales.<\/p>\n<p class=\"p1\">\ud83d\udccd <b>Lugar<\/b>: Polideportivo del CEF N\u00ba 7 (Wilde al 100, Villa \u00c1ngela).<br \/>\n\ud83d\udd58 <b>Horario<\/b>: 08:00 a 12:00 y de 16:00 a 20:00 hs.<\/p>\n<p class=\"p1\">En esta jornada participar\u00e1n el <b>IPDUV, Secheep, IPRODICH y el programa social \u00d1achec<\/b>, ofreciendo atenci\u00f3n personalizada para quienes necesiten gestionar documentaci\u00f3n, realizar consultas sobre servicios esenciales y acceder a distintos beneficios.<\/p>\n<p class=\"p1\">\ud83d\udd39 <b>DNI y Pasaporte<\/b>: renovaci\u00f3n, primer documento, actualizaci\u00f3n y emisi\u00f3n de pasaporte.<br \/>\n\ud83d\udd39 <b>IPDUV<\/b>: regularizaci\u00f3n y titularizaci\u00f3n de viviendas, consulta de estados de cuenta.<br \/>\n\ud83d\udd39 <b>Secheep<\/b>: consulta de facturas y financiaci\u00f3n de deudas.<br \/>\n\ud83d\udd39 <b>IPRODICH<\/b>: asesoramiento legal, gesti\u00f3n del Certificado \u00danico de Discapacidad (CUD), solicitud de ayudas t\u00e9cnicas y orientaci\u00f3n en tr\u00e1mites de vivienda, transporte y servicios p\u00fablicos.<\/p>\n<p class=\"p1\"><span class=\"s1\">\ud83d\udca1<\/span> <b>Acercate y aprovech\u00e1 esta oportunidad para resolver tus consultas y gestionar tus tr\u00e1mites sin salir de tu localidad. \u00a1Te esperamos!<\/b><\/p>\n","protected":false},"excerpt":{"rendered":"<p>Este viernes 4 de abril, el Gobierno Provincial llevar\u00e1 adelante un Operativo Integral en Terreno, acercando a la comunidad distintos organismos para brindar asesoramiento y facilitar tr\u00e1mites esenciales. \ud83d\udccd Lugar: Polideportivo del CEF N\u00ba 7 (Wilde al 100, Villa \u00c1ngela). \ud83d\udd58 Horario: 08:00 a 12:00 y de 16:00 a 20:00 hs. En esta jornada participar\u00e1n [&hellip;]<\/p>\n","protected":false},"author":9,"featured_media":8454,"comment_status":"open","ping_status":"open","sticky":false,"template":"","format":"standard","meta":{"_et_pb_use_builder":"","_et_pb_old_content":"","_et_gb_content_width":"","_joinchat":[]},"categories":[1],"tags":[],"_links":{"self":[{"href":"https:\/\/www.secheep.gob.ar\/index.php?rest_route=\/wp\/v2\/posts\/8453"}],"collection":[{"href":"https:\/\/www.secheep.gob.ar\/index.php?rest_route=\/wp\/v2\/posts"}],"about":[{"href":"https:\/\/www.secheep.gob.ar\/index.php?rest_route=\/wp\/v2\/types\/post"}],"author":[{"embeddable":true,"href":"https:\/\/www.secheep.gob.ar\/index.php?rest_route=\/wp\/v2\/users\/9"}],"replies":[{"embeddable":true,"href":"https:\/\/www.secheep.gob.ar\/index.php?rest_route=%2Fwp%2Fv2%2Fcomments&post=8453"}],"version-history":[{"count":1,"href":"https:\/\/www.secheep.gob.ar\/index.php?rest_route=\/wp\/v2\/posts\/8453\/revisions"}],"predecessor-version":[{"id":8455,"href":"https:\/\/www.secheep.gob.ar\/index.php?rest_route=\/wp\/v2\/posts\/8453\/revisions\/8455"}],"wp:featuredmedia":[{"embeddable":true,"href":"https:\/\/www.secheep.gob.ar\/index.php?rest_route=\/wp\/v2\/media\/8454"}],"wp:attachment":[{"href":"https:\/\/www.secheep.gob.ar\/index.php?rest_route=%2Fwp%2Fv2%2Fmedia&parent=8453"}],"wp:term":[{"taxonomy":"category","embeddable":true,"href":"https:\/\/www.secheep.gob.ar\/index.php?rest_route=%2Fwp%2Fv2%2Fcategories&post=8453"},{"taxonomy":"post_tag","embeddable":true,"href":"https:\/\/www.secheep.gob.ar\/index.php?rest_route=%2Fwp%2Fv2%2Ftags&post=8453"}],"curies":[{"name":"wp","href":"https:\/\/api.w.org\/{rel}","templated":true}]}}