{"id":8450,"date":"2025-04-01T17:07:44","date_gmt":"2025-04-01T20:07:44","guid":{"rendered":"https:\/\/www.secheep.gob.ar\/?p=8450"},"modified":"2025-04-01T17:07:44","modified_gmt":"2025-04-01T20:07:44","slug":"secheep-amplia-el-alcance-del-descuento-verano-medida-clave-en-el-plan-de-contingencia-energetica-para-acompanar-a-los-chaquenos","status":"publish","type":"post","link":"https:\/\/www.secheep.gob.ar\/?p=8450","title":{"rendered":"SECHEEP Ampl\u00eda el Alcance del Descuento Verano: Medida Clave en el Plan de Contingencia Energ\u00e9tica para Acompa\u00f1ar a los Chaque\u00f1os."},"content":{"rendered":"<p>El Gobierno de la Provincia del Chaco, a trav\u00e9s de SECHEEP, contin\u00faa adoptando medidas concretas para garantizar el acceso a la energ\u00eda en un contexto de fuertes desaf\u00edos econ\u00f3micos y tarifarios. En el marco del Plan de Contingencia Energ\u00e9tica, y con el firme compromiso de proteger a las familias chaque\u00f1as, se ha decidido ampliar el alcance del Descuento Verano, beneficiando a m\u00e1s hogares y reafirmando la presencia del Estado en momentos dif\u00edciles.<\/p>\n<p>A partir de abril de 2025, los usuarios Residenciales N1, con un consumo mensual inferior a 1.000 kWh y que no perciban el beneficio de Chaco Subsidia, podr\u00e1n acceder a este descuento en sus facturas de enero, febrero y marzo. Esta decisi\u00f3n busca amortiguar el impacto del brutal incremento tarifario impuesto por el Gobierno Nacional, asegurando que los sectores m\u00e1s vulnerables cuenten con un alivio en sus facturas de energ\u00eda.<br \/>\nEl Estado presente para cuidar a los chaque\u00f1os<br \/>\nLa gesti\u00f3n provincial sigue avanzando con determinaci\u00f3n en la recuperaci\u00f3n de SECHEEP, enfrentando de manera responsable los desaf\u00edos heredados y garantizando el acceso a un servicio esencial. A pesar de las dificultades, el compromiso con la comunidad se mantiene intacto, priorizando el bienestar de las familias chaque\u00f1as ante un escenario econ\u00f3mico complejo.<br \/>\n\u201dDesde SECHEEP seguimos trabajando con esfuerzo para garantizar el servicio y aliviar el impacto de los aumentos tarifarios. Estamos con la gente, acompa\u00f1ando a cada familia chaque\u00f1a en este momento dif\u00edcil. La ampliaci\u00f3n del Descuento Verano es una muestra concreta de nuestro compromiso\u00bb, expres\u00f3 Jos\u00e9 Bistoletti, director de SECHEEP.<\/p>\n<p>\u00bfC\u00f3mo acceder al beneficio?<br \/>\nLos usuarios Residenciales N1 que cumplan con los requisitos ver\u00e1n reflejado el descuento en sus facturas desde abril de 2025. Este beneficio se aplicar\u00e1 a trav\u00e9s de una nota de cr\u00e9dito en las facturas de enero y febrero, y estar\u00e1 incorporado en la factura de marzo. Para m\u00e1s informaci\u00f3n, los usuarios pueden consultar la app Secheep Oficina Virtual o acceder a la web oficial.<br \/>\nCon esta decisi\u00f3n, el Gobierno del Chaco reafirma su pol\u00edtica de protecci\u00f3n a la comunidad, garantizando que la energ\u00eda siga siendo un derecho accesible y evitando que las familias chaque\u00f1as queden a merced de los ajustes desmedidos impulsados a nivel nacional. El Plan de Contingencia Energ\u00e9tica sigue en marcha, demostrando que con voluntad pol\u00edtica y gesti\u00f3n responsable, es posible enfrentar los desaf\u00edos y estar del lado de la gente.<\/p>\n","protected":false},"excerpt":{"rendered":"<p>El Gobierno de la Provincia del Chaco, a trav\u00e9s de SECHEEP, contin\u00faa adoptando medidas concretas para garantizar el acceso a la energ\u00eda en un contexto de fuertes desaf\u00edos econ\u00f3micos y tarifarios. En el marco del Plan de Contingencia Energ\u00e9tica, y con el firme compromiso de proteger a las familias chaque\u00f1as, se ha decidido ampliar el [&hellip;]<\/p>\n","protected":false},"author":9,"featured_media":8451,"comment_status":"open","ping_status":"open","sticky":false,"template":"","format":"standard","meta":{"_et_pb_use_builder":"","_et_pb_old_content":"","_et_gb_content_width":"","_joinchat":[]},"categories":[1],"tags":[],"_links":{"self":[{"href":"https:\/\/www.secheep.gob.ar\/index.php?rest_route=\/wp\/v2\/posts\/8450"}],"collection":[{"href":"https:\/\/www.secheep.gob.ar\/index.php?rest_route=\/wp\/v2\/posts"}],"about":[{"href":"https:\/\/www.secheep.gob.ar\/index.php?rest_route=\/wp\/v2\/types\/post"}],"author":[{"embeddable":true,"href":"https:\/\/www.secheep.gob.ar\/index.php?rest_route=\/wp\/v2\/users\/9"}],"replies":[{"embeddable":true,"href":"https:\/\/www.secheep.gob.ar\/index.php?rest_route=%2Fwp%2Fv2%2Fcomments&post=8450"}],"version-history":[{"count":1,"href":"https:\/\/www.secheep.gob.ar\/index.php?rest_route=\/wp\/v2\/posts\/8450\/revisions"}],"predecessor-version":[{"id":8452,"href":"https:\/\/www.secheep.gob.ar\/index.php?rest_route=\/wp\/v2\/posts\/8450\/revisions\/8452"}],"wp:featuredmedia":[{"embeddable":true,"href":"https:\/\/www.secheep.gob.ar\/index.php?rest_route=\/wp\/v2\/media\/8451"}],"wp:attachment":[{"href":"https:\/\/www.secheep.gob.ar\/index.php?rest_route=%2Fwp%2Fv2%2Fmedia&parent=8450"}],"wp:term":[{"taxonomy":"category","embeddable":true,"href":"https:\/\/www.secheep.gob.ar\/index.php?rest_route=%2Fwp%2Fv2%2Fcategories&post=8450"},{"taxonomy":"post_tag","embeddable":true,"href":"https:\/\/www.secheep.gob.ar\/index.php?rest_route=%2Fwp%2Fv2%2Ftags&post=8450"}],"curies":[{"name":"wp","href":"https:\/\/api.w.org\/{rel}","templated":true}]}}