{"id":8432,"date":"2025-03-25T10:53:45","date_gmt":"2025-03-25T13:53:45","guid":{"rendered":"https:\/\/www.secheep.gob.ar\/?p=8432"},"modified":"2025-03-25T11:54:18","modified_gmt":"2025-03-25T14:54:18","slug":"corte-de-energia-en-resistencia-secheep-espera-el-informe-de-transnea-para-verificar-el-origen-de-la-falla","status":"publish","type":"post","link":"https:\/\/www.secheep.gob.ar\/?p=8432","title":{"rendered":"Resistencia: Secheep restableci\u00f3 el servicio y aguarda el informe de TRANSNEA para determinar el foco del problema"},"content":{"rendered":"<p class=\"p1\">El lunes 24 de marzo, en horas de la tarde, se registr\u00f3 un corte en el suministro el\u00e9ctrico que afect\u00f3 a gran parte de la ciudad de Resistencia y localidades cercanas. La interrupci\u00f3n ocurri\u00f3 a las 19:18 hs debido a la salida de servicio de un alimentador de 132 kV que conecta la Estaci\u00f3n Transformadora (ET) Resistencia, operada por TRANSENER, con la Estaci\u00f3n Transformadora y Centro de Distribuci\u00f3n (CD) N\u00ba 5. Este alimentador abastece a los Centros de Distribuci\u00f3n N\u00ba 3 (Villa San Mart\u00edn) y N\u00ba 19 (zona del Shopping y alrededores), as\u00ed como a las localidades de Margarita Bel\u00e9n, Colonia Ben\u00edtez, Fontana, Tirol y Basail.<\/p>\n<p class=\"p1\">Ante la falla, el equipo t\u00e9cnico de Secheep actu\u00f3 de inmediato y realiz\u00f3 todas las maniobras necesarias para restablecer el servicio. A las 19:34 hs, la l\u00ednea fue energizada nuevamente, y desde ese momento se inici\u00f3 la normalizaci\u00f3n del suministro de manera escalonada. El proceso comenz\u00f3 con el CD N\u00ba 5 y finaliz\u00f3 a las 20:00 hs, cuando la totalidad de los usuarios afectados volvieron a contar con electricidad en sus hogares.<\/p>\n<p class=\"p1\">Hasta el momento, TRANSNEA no ha brindado informaci\u00f3n oficial sobre las causas del corte ni la ubicaci\u00f3n exacta de la falla. Secheep permanece a la espera de este informe para proceder con las verificaciones necesarias.<\/p>\n<p class=\"p1\">Agradecemos la comprensi\u00f3n de la comunidad y reafirmamos nuestro compromiso de actuar con rapidez y eficiencia para garantizar un servicio confiable.<\/p>\n","protected":false},"excerpt":{"rendered":"<p>El lunes 24 de marzo, en horas de la tarde, se registr\u00f3 un corte en el suministro el\u00e9ctrico que afect\u00f3 a gran parte de la ciudad de Resistencia y localidades cercanas. La interrupci\u00f3n ocurri\u00f3 a las 19:18 hs debido a la salida de servicio de un alimentador de 132 kV que conecta la Estaci\u00f3n Transformadora [&hellip;]<\/p>\n","protected":false},"author":9,"featured_media":8433,"comment_status":"open","ping_status":"open","sticky":false,"template":"","format":"standard","meta":{"_et_pb_use_builder":"","_et_pb_old_content":"","_et_gb_content_width":"","_joinchat":[]},"categories":[1],"tags":[],"_links":{"self":[{"href":"https:\/\/www.secheep.gob.ar\/index.php?rest_route=\/wp\/v2\/posts\/8432"}],"collection":[{"href":"https:\/\/www.secheep.gob.ar\/index.php?rest_route=\/wp\/v2\/posts"}],"about":[{"href":"https:\/\/www.secheep.gob.ar\/index.php?rest_route=\/wp\/v2\/types\/post"}],"author":[{"embeddable":true,"href":"https:\/\/www.secheep.gob.ar\/index.php?rest_route=\/wp\/v2\/users\/9"}],"replies":[{"embeddable":true,"href":"https:\/\/www.secheep.gob.ar\/index.php?rest_route=%2Fwp%2Fv2%2Fcomments&post=8432"}],"version-history":[{"count":3,"href":"https:\/\/www.secheep.gob.ar\/index.php?rest_route=\/wp\/v2\/posts\/8432\/revisions"}],"predecessor-version":[{"id":8436,"href":"https:\/\/www.secheep.gob.ar\/index.php?rest_route=\/wp\/v2\/posts\/8432\/revisions\/8436"}],"wp:featuredmedia":[{"embeddable":true,"href":"https:\/\/www.secheep.gob.ar\/index.php?rest_route=\/wp\/v2\/media\/8433"}],"wp:attachment":[{"href":"https:\/\/www.secheep.gob.ar\/index.php?rest_route=%2Fwp%2Fv2%2Fmedia&parent=8432"}],"wp:term":[{"taxonomy":"category","embeddable":true,"href":"https:\/\/www.secheep.gob.ar\/index.php?rest_route=%2Fwp%2Fv2%2Fcategories&post=8432"},{"taxonomy":"post_tag","embeddable":true,"href":"https:\/\/www.secheep.gob.ar\/index.php?rest_route=%2Fwp%2Fv2%2Ftags&post=8432"}],"curies":[{"name":"wp","href":"https:\/\/api.w.org\/{rel}","templated":true}]}}