{"id":8426,"date":"2025-03-19T20:22:41","date_gmt":"2025-03-19T23:22:41","guid":{"rendered":"https:\/\/www.secheep.gob.ar\/?p=8426"},"modified":"2025-03-19T20:23:59","modified_gmt":"2025-03-19T23:23:59","slug":"el-gobierno-provincial-a-traves-de-secheep-atendera-consultas-de-vecinos-en-charata-y-las-brenas","status":"publish","type":"post","link":"https:\/\/www.secheep.gob.ar\/?p=8426","title":{"rendered":"El Gobierno Provincial, a trav\u00e9s de Secheep, atender\u00e1 consultas de vecinos en Charata y Las Bre\u00f1as"},"content":{"rendered":"<p class=\"p1\">En el marco del plan de contingencia energ\u00e9tica, el Gobierno provincial, a trav\u00e9s de SECHEEP, realizar\u00e1 operativos en terreno para atender consultas y brindar asistencia a los usuarios del servicio el\u00e9ctrico.<\/p>\n<p class=\"p1\">El presidente de SECHEEP, Jos\u00e9 Bistoletti, junto a su equipo, estar\u00e1n disponibles para que los vecinos puedan realizar consultas sobre sus facturas y despejar dudas.<\/p>\n<p class=\"p1\"><strong>Cronograma de atenci\u00f3n:<\/strong><\/p>\n<p class=\"p1\">Charata \u2013 Jueves 20 de marzo<\/p>\n<p class=\"p1\">Horario: 9 a 11 y 17 a 21<\/p>\n<p class=\"p1\">Lugar: Paseo del Sol<\/p>\n<p class=\"p1\">Las Bre\u00f1as \u2013 Viernes 21 de marzo<\/p>\n<p class=\"p1\">Horario: 9 a 11 y 17 a 21<\/p>\n<p class=\"p1\">Lugar: Casa de las Culturas<\/p>\n<p class=\"p1\">El objetivo de estas jornadas es acercar respuestas y soluciones a la comunidad, garantizando una mejor atenci\u00f3n a los usuarios del servicio el\u00e9ctrico en la provincia.<\/p>\n","protected":false},"excerpt":{"rendered":"<p>En el marco del plan de contingencia energ\u00e9tica, el Gobierno provincial, a trav\u00e9s de SECHEEP, realizar\u00e1 operativos en terreno para atender consultas y brindar asistencia a los usuarios del servicio el\u00e9ctrico. El presidente de SECHEEP, Jos\u00e9 Bistoletti, junto a su equipo, estar\u00e1n disponibles para que los vecinos puedan realizar consultas sobre sus facturas y despejar [&hellip;]<\/p>\n","protected":false},"author":9,"featured_media":8429,"comment_status":"open","ping_status":"open","sticky":false,"template":"","format":"standard","meta":{"_et_pb_use_builder":"","_et_pb_old_content":"","_et_gb_content_width":"","_joinchat":[]},"categories":[1],"tags":[],"_links":{"self":[{"href":"https:\/\/www.secheep.gob.ar\/index.php?rest_route=\/wp\/v2\/posts\/8426"}],"collection":[{"href":"https:\/\/www.secheep.gob.ar\/index.php?rest_route=\/wp\/v2\/posts"}],"about":[{"href":"https:\/\/www.secheep.gob.ar\/index.php?rest_route=\/wp\/v2\/types\/post"}],"author":[{"embeddable":true,"href":"https:\/\/www.secheep.gob.ar\/index.php?rest_route=\/wp\/v2\/users\/9"}],"replies":[{"embeddable":true,"href":"https:\/\/www.secheep.gob.ar\/index.php?rest_route=%2Fwp%2Fv2%2Fcomments&post=8426"}],"version-history":[{"count":4,"href":"https:\/\/www.secheep.gob.ar\/index.php?rest_route=\/wp\/v2\/posts\/8426\/revisions"}],"predecessor-version":[{"id":8431,"href":"https:\/\/www.secheep.gob.ar\/index.php?rest_route=\/wp\/v2\/posts\/8426\/revisions\/8431"}],"wp:featuredmedia":[{"embeddable":true,"href":"https:\/\/www.secheep.gob.ar\/index.php?rest_route=\/wp\/v2\/media\/8429"}],"wp:attachment":[{"href":"https:\/\/www.secheep.gob.ar\/index.php?rest_route=%2Fwp%2Fv2%2Fmedia&parent=8426"}],"wp:term":[{"taxonomy":"category","embeddable":true,"href":"https:\/\/www.secheep.gob.ar\/index.php?rest_route=%2Fwp%2Fv2%2Fcategories&post=8426"},{"taxonomy":"post_tag","embeddable":true,"href":"https:\/\/www.secheep.gob.ar\/index.php?rest_route=%2Fwp%2Fv2%2Ftags&post=8426"}],"curies":[{"name":"wp","href":"https:\/\/api.w.org\/{rel}","templated":true}]}}