{"id":8407,"date":"2025-03-10T06:27:40","date_gmt":"2025-03-10T09:27:40","guid":{"rendered":"https:\/\/www.secheep.gob.ar\/?p=8407"},"modified":"2025-03-11T06:42:53","modified_gmt":"2025-03-11T09:42:53","slug":"basail-secheep-culmino-la-reparacion-de-la-red-danada-por-incendios-rurales","status":"publish","type":"post","link":"https:\/\/www.secheep.gob.ar\/?p=8407","title":{"rendered":"Basail: Secheep culmin\u00f3 la reparaci\u00f3n de la red da\u00f1ada en incendio rural"},"content":{"rendered":"<p>A paso firme, SECHEEP contin\u00faa trabajando en diferentes frentes para reparar en forma definitiva las redes el\u00e9ctricas afectadas en las \u00faltimas semanas por diferentes focos de incendios rurales. En ese marco, este lunes 10, las cuadrillas de la empresa energ\u00e9tica finalizaron la \u00faltima etapa del levantamiento de postes y en reparaciones generales de la infraestructura el\u00e9ctrica en la zona rural de Basail, la cual cuenta con la totalidad del suministro funcionando.<!--more--><br \/>\n\u201cJunto a diferentes \u00e1reas del Gobierno provincial, en las \u00faltimas semanas de febrero, en la zona de Basail y aleda\u00f1os repusimos 44 postes y varios kil\u00f3metros de l\u00ednea rural, pero nuevos focos de fuego generaron nuevos da\u00f1os y m\u00e1s reparaciones de la red el\u00e9ctrica\u201d, se\u00f1al\u00f3 el vocal del Directorio de Secheep, Ariel Mu\u00f1oz, quien adem\u00e1s destac\u00f3 la labor de los operarios y reiter\u00f3 la importancia de no prender fuego en \u00e1reas sensibles y vulnerables.<br \/>\nAdem\u00e1s de poner vidas en riesgo, los incendios causan serios da\u00f1os a las redes el\u00e9ctricas. \u201cEse fuego, muchas veces intencional, afecta a postes y l\u00edneas el\u00e9ctricas rurales, pero adem\u00e1s a transformadores de distribuci\u00f3n y en varios casos a redes de alta, media y baja tensi\u00f3n\u201d, agreg\u00f3 Mu\u00f1oz.<br \/>\nEn la jornada de este lunes, los operarios trabajan para reparar en forma definitiva la red el\u00e9ctrica en diferentes sectores. D\u00edas atr\u00e1s, el fuego quem\u00f3 al menos 44 postes de l\u00ednea rural desde El Saladillo hacia Basail, dejando sin suministro el\u00e9ctrico a la zona de Loma Alta, el Aero Club, la Escuela de la Familia Agr\u00edcola y sectores aleda\u00f1os.<br \/>\nDesde Secheep se trabaj\u00f3 en forma conjunta con el cuerpo de Bomberos, la Polic\u00eda del Chaco y \u00e1reas de Defensa Civil para mitigar los focos de fuegos y evitar as\u00ed el menor da\u00f1o posible a las redes el\u00e9ctricas. \u201cEste tipo de siniestro, adem\u00e1s de ocasionar p\u00e9rdidas millonarias en toda la red de energ\u00eda el\u00e9ctrica, afecta a cientos de usuarios\u201d, agreg\u00f3 Mu\u00f1oz.<br \/>\nEn las \u00faltimas semanas, producto de los incendios, los operarios de Secheep tuvieron que realizar trabajos en zonas rurales de: Basail (zonas de campo Amarilla, Don Juan y Donnet, etc.), Soto, Colonia Tacuar\u00ed, Puerto Antequera, Puerto Tirol, General D\u00f3novan. Makall\u00e9, Colonia Svriz, Colonia Ben\u00edtez, Margarita Bel\u00e9n, Campo Rossi, Lote 11 (La Tigra), Lote 6 (La Clotilde), General Pinedo, Colonia Baranda, La Leonesa, etc\u00e9tera.<br \/>\nAsimismo, hay que recordar que, a lo largo de 2024, se registraron m\u00e1s de 400 postes quemados por incendios rurales, adem\u00e1s de kil\u00f3metros de l\u00edneas y transformadores da\u00f1ados.<\/p>\n<p><strong>Evitar hacer fuego y denunciar los incendios<\/strong><br \/>\nCon el fin de frenar los incendios, Secheep solicita la colaboraci\u00f3n de la comunidad para evitar los incendios en zonas rurales.<br \/>\nLa mejor manera de evitar incendios es previniendo el encendido de fuegos, recodando que en el Chaco est\u00e1 prohibido realizar quemas.<br \/>\nEl fuego descontrolado, adem\u00e1s de destruir recursos naturales y poner en riesgo vidas. Ante la presencia de incendios, se puede colaborar llamando a los n\u00fameros de emergencia: 911 (Polic\u00eda), 100 (Bomberos) o 103 (Defensa Civil).<\/p>\n<p><img loading=\"lazy\" class=\"alignnone size-medium wp-image-8408\" src=\"https:\/\/www.secheep.gob.ar\/wp-content\/uploads\/2025\/03\/111-1-300x229.png\" alt=\"\" width=\"300\" height=\"229\" \/> <img loading=\"lazy\" class=\"alignnone size-medium wp-image-8409\" src=\"https:\/\/www.secheep.gob.ar\/wp-content\/uploads\/2025\/03\/222-1-300x219.png\" alt=\"\" width=\"300\" height=\"219\" \/><\/p>\n<p><img loading=\"lazy\" class=\"alignnone size-medium wp-image-8410\" src=\"https:\/\/www.secheep.gob.ar\/wp-content\/uploads\/2025\/03\/444-1-300x226.png\" alt=\"\" width=\"300\" height=\"226\" \/> <img loading=\"lazy\" class=\"alignnone size-medium wp-image-8411\" src=\"https:\/\/www.secheep.gob.ar\/wp-content\/uploads\/2025\/03\/333-1-300x181.png\" alt=\"\" width=\"300\" height=\"181\" \/><\/p>\n<p><img loading=\"lazy\" class=\"alignnone size-medium wp-image-8412\" src=\"https:\/\/www.secheep.gob.ar\/wp-content\/uploads\/2025\/03\/555-300x238.png\" alt=\"\" width=\"300\" height=\"238\" \/><\/p>\n","protected":false},"excerpt":{"rendered":"<p>A paso firme, SECHEEP contin\u00faa trabajando en diferentes frentes para reparar en forma definitiva las redes el\u00e9ctricas afectadas en las \u00faltimas semanas por diferentes focos de incendios rurales. En ese marco, este lunes 10, las cuadrillas de la empresa energ\u00e9tica finalizaron la \u00faltima etapa del levantamiento de postes y en reparaciones generales de la infraestructura [&hellip;]<\/p>\n","protected":false},"author":4,"featured_media":8408,"comment_status":"open","ping_status":"open","sticky":false,"template":"","format":"standard","meta":{"_et_pb_use_builder":"","_et_pb_old_content":"","_et_gb_content_width":"","_joinchat":[]},"categories":[3],"tags":[],"_links":{"self":[{"href":"https:\/\/www.secheep.gob.ar\/index.php?rest_route=\/wp\/v2\/posts\/8407"}],"collection":[{"href":"https:\/\/www.secheep.gob.ar\/index.php?rest_route=\/wp\/v2\/posts"}],"about":[{"href":"https:\/\/www.secheep.gob.ar\/index.php?rest_route=\/wp\/v2\/types\/post"}],"author":[{"embeddable":true,"href":"https:\/\/www.secheep.gob.ar\/index.php?rest_route=\/wp\/v2\/users\/4"}],"replies":[{"embeddable":true,"href":"https:\/\/www.secheep.gob.ar\/index.php?rest_route=%2Fwp%2Fv2%2Fcomments&post=8407"}],"version-history":[{"count":2,"href":"https:\/\/www.secheep.gob.ar\/index.php?rest_route=\/wp\/v2\/posts\/8407\/revisions"}],"predecessor-version":[{"id":8414,"href":"https:\/\/www.secheep.gob.ar\/index.php?rest_route=\/wp\/v2\/posts\/8407\/revisions\/8414"}],"wp:featuredmedia":[{"embeddable":true,"href":"https:\/\/www.secheep.gob.ar\/index.php?rest_route=\/wp\/v2\/media\/8408"}],"wp:attachment":[{"href":"https:\/\/www.secheep.gob.ar\/index.php?rest_route=%2Fwp%2Fv2%2Fmedia&parent=8407"}],"wp:term":[{"taxonomy":"category","embeddable":true,"href":"https:\/\/www.secheep.gob.ar\/index.php?rest_route=%2Fwp%2Fv2%2Fcategories&post=8407"},{"taxonomy":"post_tag","embeddable":true,"href":"https:\/\/www.secheep.gob.ar\/index.php?rest_route=%2Fwp%2Fv2%2Ftags&post=8407"}],"curies":[{"name":"wp","href":"https:\/\/api.w.org\/{rel}","templated":true}]}}