{"id":8400,"date":"2025-03-05T22:06:34","date_gmt":"2025-03-06T01:06:34","guid":{"rendered":"https:\/\/www.secheep.gob.ar\/?p=8400"},"modified":"2025-03-05T22:07:37","modified_gmt":"2025-03-06T01:07:37","slug":"un-incendio-rural-y-dos-colapsos-en-el-nea-afectaron-el-servicio-en-saenz-pena","status":"publish","type":"post","link":"https:\/\/www.secheep.gob.ar\/?p=8400","title":{"rendered":"Incendio rural y colapsos en el NEA afectaron el servicio en S\u00e1enz Pe\u00f1a"},"content":{"rendered":"<p>En el marco de una jornada de calor extremo con temperaturas superiores a los 40\u00ba en toda la provincia, en la siesta de este mi\u00e9rcoles 5 se registraron un incendio rural y dos colapsos en la red de alta tensi\u00f3n del Litoral y el Nordeste Argentino (NEA). El primero de ellos afect\u00f3 al Centro de Distribuci\u00f3n N\u00ba3 de la ciudad termal, en tanto que las perturbaciones, ajenas al sistema de Secheep, generaron una disminuci\u00f3n de demanda en todas las provincias de la regi\u00f3n de 1530 y 1260 MW, respectivamente.<br \/>\n<!--more--><br \/>\nDesde el Centro de Operaciones de Secheep informaron que un incendio rural en cercan\u00edas de la ciudad termal as\u00ed como los dos colapsos en la red de alta tensi\u00f3n en la regi\u00f3n informados por CAMMESA (a las 14.57 y 16.10) afect\u00f3 el funcionamiento general de la red el\u00e9ctrica en un momento de demanda extrema.<br \/>\nA las 15.12, los eventos mencionados generaron fallas en la red de 33 KV sacando de servicio del Centro de Distribuci\u00f3n N\u00ba3 (ubicado en cercan\u00edas de las calles 28 y 5), afectando a la zona de los barrios Puerta del Sol, Ramseyer, Yapey\u00fa, Sarmiento, Tiro Federal, 1\u00ba de Mayo, zona c\u00e9ntrica, Gin\u00e9s Ben\u00edtez, 72 Viviendas, 104 viviendas y zonas del aeropuerto entre otros, con p\u00e9rdidas de demanda de 31 MW en la ciudad termal.<br \/>\nTras la falla, los t\u00e9cnicos y operarios de Secheep iniciaron maniobras en forma inmediata logrando restablecer el servicio en la mayor parte de la zona afectada, principalmente en zonas sensibles como las del hospital y cl\u00ednicas de la ciudad.<br \/>\nSi bien la mayor parte del servicio fue restablecido, desde la empresa energ\u00e9tica solicitan a la comunidad las disculpas por las molestias ocasionadas con el corte, se\u00f1alando que el personal continuar\u00e1 trabajando hasta la reposici\u00f3n total del servicio afectado.<\/p>\n<p><strong>Secheep reitera evitar hacer fuego y denunciar los incendios<\/strong><br \/>\nCon el fin de frenar los incendios, y en presencia de un nuevo foco \u00edgneo que afecta las redes energ\u00e9ticas, Secheep solicita la colaboraci\u00f3n de la comunidad para evitar los incendios en zonas rurales.<br \/>\nLa mejor manera de evitar incendios es previniendo el encendido de fuegos, recordando que en el Chaco est\u00e1 prohibido realizar quemas.<br \/>\nEl fuego descontrolado, adem\u00e1s de destruir recursos naturales y poner en riesgo vidas. Ante la presencia de incendios, se puede colaborar llamando a los n\u00fameros de emergencia: 911 (Polic\u00eda), 100 (Bomberos) o 103 (Defensa Civil).<\/p>\n<p><img loading=\"lazy\" class=\"alignnone size-medium wp-image-8401\" src=\"https:\/\/www.secheep.gob.ar\/wp-content\/uploads\/2025\/03\/123-1-300x179.png\" alt=\"\" width=\"300\" height=\"179\" \/><\/p>\n<p><img loading=\"lazy\" class=\"alignnone size-medium wp-image-8402\" src=\"https:\/\/www.secheep.gob.ar\/wp-content\/uploads\/2025\/03\/22-300x213.png\" alt=\"\" width=\"300\" height=\"213\" \/><\/p>\n<p><img loading=\"lazy\" class=\"alignnone size-medium wp-image-8403\" src=\"https:\/\/www.secheep.gob.ar\/wp-content\/uploads\/2025\/03\/44-300x246.png\" alt=\"\" width=\"300\" height=\"246\" \/><\/p>\n","protected":false},"excerpt":{"rendered":"<p>En el marco de una jornada de calor extremo con temperaturas superiores a los 40\u00ba en toda la provincia, en la siesta de este mi\u00e9rcoles 5 se registraron un incendio rural y dos colapsos en la red de alta tensi\u00f3n del Litoral y el Nordeste Argentino (NEA). El primero de ellos afect\u00f3 al Centro de [&hellip;]<\/p>\n","protected":false},"author":4,"featured_media":8401,"comment_status":"open","ping_status":"open","sticky":false,"template":"","format":"standard","meta":{"_et_pb_use_builder":"","_et_pb_old_content":"","_et_gb_content_width":"","_joinchat":[]},"categories":[1],"tags":[],"_links":{"self":[{"href":"https:\/\/www.secheep.gob.ar\/index.php?rest_route=\/wp\/v2\/posts\/8400"}],"collection":[{"href":"https:\/\/www.secheep.gob.ar\/index.php?rest_route=\/wp\/v2\/posts"}],"about":[{"href":"https:\/\/www.secheep.gob.ar\/index.php?rest_route=\/wp\/v2\/types\/post"}],"author":[{"embeddable":true,"href":"https:\/\/www.secheep.gob.ar\/index.php?rest_route=\/wp\/v2\/users\/4"}],"replies":[{"embeddable":true,"href":"https:\/\/www.secheep.gob.ar\/index.php?rest_route=%2Fwp%2Fv2%2Fcomments&post=8400"}],"version-history":[{"count":3,"href":"https:\/\/www.secheep.gob.ar\/index.php?rest_route=\/wp\/v2\/posts\/8400\/revisions"}],"predecessor-version":[{"id":8406,"href":"https:\/\/www.secheep.gob.ar\/index.php?rest_route=\/wp\/v2\/posts\/8400\/revisions\/8406"}],"wp:featuredmedia":[{"embeddable":true,"href":"https:\/\/www.secheep.gob.ar\/index.php?rest_route=\/wp\/v2\/media\/8401"}],"wp:attachment":[{"href":"https:\/\/www.secheep.gob.ar\/index.php?rest_route=%2Fwp%2Fv2%2Fmedia&parent=8400"}],"wp:term":[{"taxonomy":"category","embeddable":true,"href":"https:\/\/www.secheep.gob.ar\/index.php?rest_route=%2Fwp%2Fv2%2Fcategories&post=8400"},{"taxonomy":"post_tag","embeddable":true,"href":"https:\/\/www.secheep.gob.ar\/index.php?rest_route=%2Fwp%2Fv2%2Ftags&post=8400"}],"curies":[{"name":"wp","href":"https:\/\/api.w.org\/{rel}","templated":true}]}}