{"id":8393,"date":"2025-02-28T23:43:41","date_gmt":"2025-03-01T02:43:41","guid":{"rendered":"https:\/\/www.secheep.gob.ar\/?p=8393"},"modified":"2025-03-04T23:50:24","modified_gmt":"2025-03-05T02:50:24","slug":"pico-de-demanda-reunion-de-secheep-y-distribuidoras-con-cammesa","status":"publish","type":"post","link":"https:\/\/www.secheep.gob.ar\/?p=8393","title":{"rendered":"Pico de demanda: reuni\u00f3n de Secheep y empresas del NEA con Cammesa"},"content":{"rendered":"<p>Avanzando con acciones que permitan elevar la calidad del servicio energ\u00e9tico en el Chaco y la regi\u00f3n, SECHEEP junto a empresas distribuidoras el\u00e9ctricas del Nordeste y el Litoral Argentino mantuvieron una reuni\u00f3n con CAMMESA (Compa\u00f1\u00eda Administradora del Mercado Mayorista El\u00e9ctrico SA) y la transportadora energ\u00e9tica TRANSNEA con el objetivo de evaluar los impactos y el comportamiento de la red de alta tensi\u00f3n durante la ola de calor que azota a gran parte del pa\u00eds y buscar soluciones conjuntas a los colapsos que se vienen registrando en el Sistema Argentino de Interconexi\u00f3n (SADI).<!--more--><br \/>\nDurante la reuni\u00f3n, adem\u00e1s del intercambio de experiencias de cada empresa distribuidora, se analiz\u00f3 la situaci\u00f3n del sistema y se acord\u00f3 la revisi\u00f3n y ajuste de esquemas t\u00e9cnicos y operativos para tratar de mitigar el impacto que genera la elevada demanda de energ\u00eda en d\u00edas de calor extremo.<br \/>\nLa reuni\u00f3n, solicitada por Secheep y dem\u00e1s distribuidoras, tuvo lugar en la sede Cammesa de la localidad de P\u00e9rez, en las afueras del Gran Rosario (Santa Fe). La empresa chaque\u00f1a estuvo representada por los ingenieros Pedro Kozak (Coordinaci\u00f3n T\u00e9cnica y Asesor\u00eda del Directorio), Luis Marino (Estudio de Mercado El\u00e9ctrico Mayorista), Luis Cardozo (Movimiento de Energ\u00eda) y Pedro Alem\u00eds (Protecciones).<br \/>\nAdem\u00e1s, de Secheep y Cammesa, de la reuni\u00f3n participaron representantes de la DPEC (Direcci\u00f3n Provincial de Energ\u00eda de Corrientes), REFSA (Recursos y Energ\u00edas de Formosa Sociedad An\u00f3nima), TRANSNEA, EPE (Empresa Provincial de la Energ\u00eda, de Santa Fe) y la EPEC (Empresa Provincial de Energ\u00eda de C\u00f3rdoba).<br \/>\n\u201cDurante la reuni\u00f3n revisamos el impacto de las perturbaciones regionales durante los picos de demanda el\u00e9ctrica que se dan en el actual verano y acordamos trabajar y avanzar con medidas a corto plazo para aminorar estos eventos\u201d, se\u00f1al\u00f3 el ingeniero Marino.<br \/>\nSe realizaron presentaciones con m\u00faltiples datos e informaciones que son relevantes e importantes. M\u00e1s all\u00e1 de eso, los presentes coincidieron en la necesidad de contar con nuevas obras de infraestructura (principalmente estaciones transformadoras y l\u00edneas el\u00e9ctricas en alta tensi\u00f3n) para lograr construir un sistema robusto.<br \/>\nAsimismo, se plante\u00f3 el papel positivo que pueden jugar los generadores energ\u00e9ticos y poner a disposici\u00f3n su capacidad t\u00e9cnica de hacer frente a los colapsos. En esa l\u00ednea, la generaci\u00f3n solar de energ\u00eda fotovoltaica que hay en el Chaco, impulsado por el Gobierno provincial, podr\u00eda ayudar a mejorar las respuestas ante las perturbaciones.<br \/>\nPara el cierre, se resolvi\u00f3, principalmente en cuestiones de \u201cprotecciones\u201d que permitan minimizar el impacto de las perturbaciones, armar un grupo de trabajo con representantes de toda la regi\u00f3n para trabajar y analizar la aplicaci\u00f3n de medidas para solucionar las cuestiones planteadas<\/p>\n<p><img loading=\"lazy\" class=\"alignnone size-medium wp-image-8394\" src=\"https:\/\/www.secheep.gob.ar\/wp-content\/uploads\/2025\/03\/123-300x192.png\" alt=\"\" width=\"300\" height=\"192\" \/><\/p>\n<p><img loading=\"lazy\" class=\"alignnone size-medium wp-image-8395\" src=\"https:\/\/www.secheep.gob.ar\/wp-content\/uploads\/2025\/03\/456-300x196.png\" alt=\"\" width=\"300\" height=\"196\" \/><\/p>\n<p><img loading=\"lazy\" class=\"alignnone size-medium wp-image-8397\" src=\"https:\/\/www.secheep.gob.ar\/wp-content\/uploads\/2025\/03\/789-300x188.png\" alt=\"\" width=\"300\" height=\"188\" \/><\/p>\n<p>&nbsp;<\/p>\n","protected":false},"excerpt":{"rendered":"<p>Avanzando con acciones que permitan elevar la calidad del servicio energ\u00e9tico en el Chaco y la regi\u00f3n, SECHEEP junto a empresas distribuidoras el\u00e9ctricas del Nordeste y el Litoral Argentino mantuvieron una reuni\u00f3n con CAMMESA (Compa\u00f1\u00eda Administradora del Mercado Mayorista El\u00e9ctrico SA) y la transportadora energ\u00e9tica TRANSNEA con el objetivo de evaluar los impactos y el [&hellip;]<\/p>\n","protected":false},"author":4,"featured_media":8394,"comment_status":"open","ping_status":"open","sticky":false,"template":"","format":"standard","meta":{"_et_pb_use_builder":"","_et_pb_old_content":"","_et_gb_content_width":"","_joinchat":[]},"categories":[3],"tags":[],"_links":{"self":[{"href":"https:\/\/www.secheep.gob.ar\/index.php?rest_route=\/wp\/v2\/posts\/8393"}],"collection":[{"href":"https:\/\/www.secheep.gob.ar\/index.php?rest_route=\/wp\/v2\/posts"}],"about":[{"href":"https:\/\/www.secheep.gob.ar\/index.php?rest_route=\/wp\/v2\/types\/post"}],"author":[{"embeddable":true,"href":"https:\/\/www.secheep.gob.ar\/index.php?rest_route=\/wp\/v2\/users\/4"}],"replies":[{"embeddable":true,"href":"https:\/\/www.secheep.gob.ar\/index.php?rest_route=%2Fwp%2Fv2%2Fcomments&post=8393"}],"version-history":[{"count":2,"href":"https:\/\/www.secheep.gob.ar\/index.php?rest_route=\/wp\/v2\/posts\/8393\/revisions"}],"predecessor-version":[{"id":8399,"href":"https:\/\/www.secheep.gob.ar\/index.php?rest_route=\/wp\/v2\/posts\/8393\/revisions\/8399"}],"wp:featuredmedia":[{"embeddable":true,"href":"https:\/\/www.secheep.gob.ar\/index.php?rest_route=\/wp\/v2\/media\/8394"}],"wp:attachment":[{"href":"https:\/\/www.secheep.gob.ar\/index.php?rest_route=%2Fwp%2Fv2%2Fmedia&parent=8393"}],"wp:term":[{"taxonomy":"category","embeddable":true,"href":"https:\/\/www.secheep.gob.ar\/index.php?rest_route=%2Fwp%2Fv2%2Fcategories&post=8393"},{"taxonomy":"post_tag","embeddable":true,"href":"https:\/\/www.secheep.gob.ar\/index.php?rest_route=%2Fwp%2Fv2%2Ftags&post=8393"}],"curies":[{"name":"wp","href":"https:\/\/api.w.org\/{rel}","templated":true}]}}