{"id":8387,"date":"2025-03-02T23:36:15","date_gmt":"2025-03-03T02:36:15","guid":{"rendered":"https:\/\/www.secheep.gob.ar\/?p=8387"},"modified":"2025-03-04T23:42:48","modified_gmt":"2025-03-05T02:42:48","slug":"saenz-pena-nuevo-centro-de-distribucion-para-la-ciudad-termal","status":"publish","type":"post","link":"https:\/\/www.secheep.gob.ar\/?p=8387","title":{"rendered":"S\u00e1enz Pe\u00f1a: nuevo Centro de Distribuci\u00f3n para la ciudad termal"},"content":{"rendered":"<p>A paso firme, SECHEEP avanza con la construcci\u00f3n del Centro de Distribuci\u00f3n N\u00ba 4 en Presidencia Roque S\u00e1enz Pe\u00f1a, obra que, con tres nuevas l\u00edneas de media tensi\u00f3n y transformador de potencia, permitir\u00e1 elevar la calidad del servicio el\u00e9ctrico en la ciudad termal.<!--more--><br \/>\nLa ejecuci\u00f3n de la obra, que forma parte del plan de trabajo llevado a cabo por Secheep y el Gobierno provincial, es realizada por personal t\u00e9cnico y operativo de la empresa energ\u00e9tica provincial y financiada con recursos propios con una inversi\u00f3n aproximada a los 2.000 millones de pesos.<br \/>\nLa construcci\u00f3n del nuevo centro de distribuci\u00f3n, que est\u00e1 emplazado en las instalaciones de Secheep, en el centro de S\u00e1enz Pe\u00f1a, contar\u00e1 con un transformador de potencia de 16 MVA y beneficiar\u00e1 en forma directa a unas 15.000 familias, e indirectamente a toda la red energ\u00e9tica de la ciudad termal.<br \/>\nLa obra tambi\u00e9n abarca la construcci\u00f3n de tres l\u00edneas de media tensi\u00f3n en 33 KV, una a\u00e9rea y dos subterr\u00e1neas. La primera de ellas, est\u00e1 dividida en dos tramos, por un lado una doble terna de 1.080 metros de extensi\u00f3n y por otro, una simple terna de 1.800 metros. Para su montaje fue necesario la colocaci\u00f3n de estructuras de hormig\u00f3n simples y dobles en diferentes \u00e1reas y zonas de la ciudad.<br \/>\nEn cuanto a las dos l\u00edneas subterr\u00e1neas, una de ellas es de 700 metros y est\u00e1 destinada a vincular la l\u00ednea a\u00e9rea con el nuevo Centro de Distribuci\u00f3n N\u00b0 4; y la otra tiene un tendido total de 1.090 metros de cables destinados a alimentar nuevos distribuidores.<br \/>\n<strong>\u00abLa ejecuci\u00f3n de esta obra, que forma parte de la planificaci\u00f3n que se lleva a cabo siguiendo las directivas del gobernador Leandro Zdero de seguir mejorando el servicio, representa un gran esfuerzo para la Secheep, pero a su vez implica la gran satisfacci\u00f3n de poder brindarle a la sociedad la calidad de un servicio el\u00e9ctrico eficiente que la gente merece\u00bb, se\u00f1al\u00f3 el presidente de Secheep, Jos\u00e9 Bistoletti.<\/strong><\/p>\n<p><img loading=\"lazy\" class=\"alignnone size-medium wp-image-8388\" src=\"https:\/\/www.secheep.gob.ar\/wp-content\/uploads\/2025\/03\/111-300x216.png\" alt=\"\" width=\"300\" height=\"216\" \/> <img loading=\"lazy\" class=\"alignnone size-medium wp-image-8389\" src=\"https:\/\/www.secheep.gob.ar\/wp-content\/uploads\/2025\/03\/222-300x265.png\" alt=\"\" width=\"300\" height=\"265\" \/><\/p>\n<p><img loading=\"lazy\" class=\"alignnone size-medium wp-image-8390\" src=\"https:\/\/www.secheep.gob.ar\/wp-content\/uploads\/2025\/03\/444-300x194.png\" alt=\"\" width=\"300\" height=\"194\" \/> <img loading=\"lazy\" class=\"alignnone size-medium wp-image-8391\" src=\"https:\/\/www.secheep.gob.ar\/wp-content\/uploads\/2025\/03\/333-300x207.png\" alt=\"\" width=\"300\" height=\"207\" \/><\/p>\n","protected":false},"excerpt":{"rendered":"<p>A paso firme, SECHEEP avanza con la construcci\u00f3n del Centro de Distribuci\u00f3n N\u00ba 4 en Presidencia Roque S\u00e1enz Pe\u00f1a, obra que, con tres nuevas l\u00edneas de media tensi\u00f3n y transformador de potencia, permitir\u00e1 elevar la calidad del servicio el\u00e9ctrico en la ciudad termal.<\/p>\n","protected":false},"author":4,"featured_media":8388,"comment_status":"open","ping_status":"open","sticky":false,"template":"","format":"standard","meta":{"_et_pb_use_builder":"","_et_pb_old_content":"","_et_gb_content_width":"","_joinchat":[]},"categories":[3],"tags":[],"_links":{"self":[{"href":"https:\/\/www.secheep.gob.ar\/index.php?rest_route=\/wp\/v2\/posts\/8387"}],"collection":[{"href":"https:\/\/www.secheep.gob.ar\/index.php?rest_route=\/wp\/v2\/posts"}],"about":[{"href":"https:\/\/www.secheep.gob.ar\/index.php?rest_route=\/wp\/v2\/types\/post"}],"author":[{"embeddable":true,"href":"https:\/\/www.secheep.gob.ar\/index.php?rest_route=\/wp\/v2\/users\/4"}],"replies":[{"embeddable":true,"href":"https:\/\/www.secheep.gob.ar\/index.php?rest_route=%2Fwp%2Fv2%2Fcomments&post=8387"}],"version-history":[{"count":1,"href":"https:\/\/www.secheep.gob.ar\/index.php?rest_route=\/wp\/v2\/posts\/8387\/revisions"}],"predecessor-version":[{"id":8392,"href":"https:\/\/www.secheep.gob.ar\/index.php?rest_route=\/wp\/v2\/posts\/8387\/revisions\/8392"}],"wp:featuredmedia":[{"embeddable":true,"href":"https:\/\/www.secheep.gob.ar\/index.php?rest_route=\/wp\/v2\/media\/8388"}],"wp:attachment":[{"href":"https:\/\/www.secheep.gob.ar\/index.php?rest_route=%2Fwp%2Fv2%2Fmedia&parent=8387"}],"wp:term":[{"taxonomy":"category","embeddable":true,"href":"https:\/\/www.secheep.gob.ar\/index.php?rest_route=%2Fwp%2Fv2%2Fcategories&post=8387"},{"taxonomy":"post_tag","embeddable":true,"href":"https:\/\/www.secheep.gob.ar\/index.php?rest_route=%2Fwp%2Fv2%2Ftags&post=8387"}],"curies":[{"name":"wp","href":"https:\/\/api.w.org\/{rel}","templated":true}]}}