{"id":8373,"date":"2025-02-27T13:08:45","date_gmt":"2025-02-27T16:08:45","guid":{"rendered":"https:\/\/www.secheep.gob.ar\/?p=8373"},"modified":"2025-02-28T08:18:09","modified_gmt":"2025-02-28T11:18:09","slug":"incendio-rural-trabajos-para-reponer-postes-y-lineas-en-basail","status":"publish","type":"post","link":"https:\/\/www.secheep.gob.ar\/?p=8373","title":{"rendered":"Incendio rural: trabajos para reponer postes y l\u00edneas en Basail"},"content":{"rendered":"<p>Los incendios rurales contin\u00faan causando da\u00f1os a la red energ\u00e9tica de la provincia. En la actual semana, operarios de SECHEEP trabajan para reparar la infraestructura el\u00e9ctrica en la zona de Basail\u00a0 donde el fuego quem\u00f3 al menos 44 postes y varios kil\u00f3metros de una l\u00ednea rural en dependencias de la localidad.<!--more--><br \/>\nEn ese marco, desde la empresa energ\u00e9tica provincial se reitera a todos los chaque\u00f1os la importancia de evitar prender fuegos en \u00e1reas vulnerables y solicita denunciar este tipo de maniobras, las cu\u00e1les son mayoritariamente intencionales.<br \/>\nAdem\u00e1s de poner vidas en riesgo, los incendios causan serios da\u00f1os a las redes el\u00e9ctricas. \u201cEse fuego, muchas veces intencional, afecta a postes y l\u00edneas el\u00e9ctricas rurales, pero adem\u00e1s a transformadores de distribuci\u00f3n y en varios casos a redes de alta, media y baja tensi\u00f3n\u201d, se\u00f1al\u00f3 el vocal del Directorio de Secheep, Ariel Mu\u00f1oz.<br \/>\nEn la actual semana, un foco de incendio quem\u00f3 al menos 44 postes de l\u00ednea rural desde El Saladillo hacia Basail, dejando sin suministro el\u00e9ctrico a la zona de Loma Alta, el Aero Club, la Escuela de la Familia Agr\u00edcola y sectores aleda\u00f1os.<br \/>\nDesde Secheep se trabaja en forma conjunta con el cuerpo de Bomberos, la Polic\u00eda del Chaco y \u00e1reas de Defensa Civil para mitigar los focos de fuegos y evitar as\u00ed el menor da\u00f1o posible a las redes el\u00e9ctricas. \u201cEste tipo de siniestro, adem\u00e1s de ocasionar p\u00e9rdidas millonarias en toda la red de energ\u00eda el\u00e9ctrica, afecta a cientos de usuarios\u201d, agreg\u00f3 Mu\u00f1oz.<br \/>\nEn las \u00faltimas semanas, producto de los incendios, los operarios de Secheep tuvieron que realizar trabajos en zonas rurales de: Basail (zonas de campo Amarilla y Donnet, etc.), Soto, Colonia Tacuar\u00ed, Puerto Antequera, Puerto Tirol, General D\u00f3novan. Makall\u00e9, Colonia Svriz, Colonia Ben\u00edtez, Margarita Bel\u00e9n, Campo Rossi, Lote 11 (La Tigra), Lote 6 (La Clotilde), General Pinedo, Colonia Baranda, La Leonesa, etc\u00e9tera.<br \/>\nAsimismo, hay que recordar que, a lo largo de 2024, se registraron m\u00e1s de 400 postes quemados por incendios rurales, adem\u00e1s de kil\u00f3metros de l\u00edneas y transformadores da\u00f1ados.<\/p>\n<p><strong>*Evitar hacer fuego y denunciar los incendios*<br \/>\n<\/strong>Con el fin de frenar los incendios, Secheep solicita la colaboraci\u00f3n de la comunidad para evitar los incendios en zonas rurales.<br \/>\nLa mejor manera de evitar incendios es previniendo el encendido de fuegos, recodando que en el Chaco est\u00e1 prohibido realizar quemas.<br \/>\nEl fuego descontrolado, adem\u00e1s de destruir recursos naturales y poner en riesgo vidas. Ante la presencia de incendios, se puede colaborar llamando a los n\u00fameros de emergencia: 911 (Polic\u00eda), 100 (Bomberos) o 103 (Defensa Civil).<\/p>\n<p><img loading=\"lazy\" class=\"alignnone size-medium wp-image-8382\" src=\"https:\/\/www.secheep.gob.ar\/wp-content\/uploads\/2025\/02\/88-300x226.png\" alt=\"\" width=\"300\" height=\"226\" \/> <img loading=\"lazy\" class=\"alignnone size-medium wp-image-8375\" src=\"https:\/\/www.secheep.gob.ar\/wp-content\/uploads\/2025\/02\/77-2-300x226.png\" alt=\"\" width=\"300\" height=\"226\" \/><\/p>\n<p><img loading=\"lazy\" class=\"alignnone size-medium wp-image-8381\" src=\"https:\/\/www.secheep.gob.ar\/wp-content\/uploads\/2025\/02\/99-300x199.png\" alt=\"\" width=\"300\" height=\"199\" \/> <img loading=\"lazy\" class=\"alignnone size-medium wp-image-8378\" src=\"https:\/\/www.secheep.gob.ar\/wp-content\/uploads\/2025\/02\/33-3-300x226.png\" alt=\"\" width=\"300\" height=\"226\" \/><\/p>\n<p><img loading=\"lazy\" class=\"alignnone size-medium wp-image-8377\" src=\"https:\/\/www.secheep.gob.ar\/wp-content\/uploads\/2025\/02\/11-2-300x226.png\" alt=\"\" width=\"300\" height=\"226\" \/> <img loading=\"lazy\" class=\"alignnone size-medium wp-image-8380\" src=\"https:\/\/www.secheep.gob.ar\/wp-content\/uploads\/2025\/02\/66-3-300x226.png\" alt=\"\" width=\"300\" height=\"226\" \/><\/p>\n","protected":false},"excerpt":{"rendered":"<p>Los incendios rurales contin\u00faan causando da\u00f1os a la red energ\u00e9tica de la provincia. En la actual semana, operarios de SECHEEP trabajan para reparar la infraestructura el\u00e9ctrica en la zona de Basail\u00a0 donde el fuego quem\u00f3 al menos 44 postes y varios kil\u00f3metros de una l\u00ednea rural en dependencias de la localidad.<\/p>\n","protected":false},"author":4,"featured_media":8375,"comment_status":"open","ping_status":"open","sticky":false,"template":"","format":"standard","meta":{"_et_pb_use_builder":"","_et_pb_old_content":"","_et_gb_content_width":"","_joinchat":[]},"categories":[1],"tags":[],"_links":{"self":[{"href":"https:\/\/www.secheep.gob.ar\/index.php?rest_route=\/wp\/v2\/posts\/8373"}],"collection":[{"href":"https:\/\/www.secheep.gob.ar\/index.php?rest_route=\/wp\/v2\/posts"}],"about":[{"href":"https:\/\/www.secheep.gob.ar\/index.php?rest_route=\/wp\/v2\/types\/post"}],"author":[{"embeddable":true,"href":"https:\/\/www.secheep.gob.ar\/index.php?rest_route=\/wp\/v2\/users\/4"}],"replies":[{"embeddable":true,"href":"https:\/\/www.secheep.gob.ar\/index.php?rest_route=%2Fwp%2Fv2%2Fcomments&post=8373"}],"version-history":[{"count":5,"href":"https:\/\/www.secheep.gob.ar\/index.php?rest_route=\/wp\/v2\/posts\/8373\/revisions"}],"predecessor-version":[{"id":8385,"href":"https:\/\/www.secheep.gob.ar\/index.php?rest_route=\/wp\/v2\/posts\/8373\/revisions\/8385"}],"wp:featuredmedia":[{"embeddable":true,"href":"https:\/\/www.secheep.gob.ar\/index.php?rest_route=\/wp\/v2\/media\/8375"}],"wp:attachment":[{"href":"https:\/\/www.secheep.gob.ar\/index.php?rest_route=%2Fwp%2Fv2%2Fmedia&parent=8373"}],"wp:term":[{"taxonomy":"category","embeddable":true,"href":"https:\/\/www.secheep.gob.ar\/index.php?rest_route=%2Fwp%2Fv2%2Fcategories&post=8373"},{"taxonomy":"post_tag","embeddable":true,"href":"https:\/\/www.secheep.gob.ar\/index.php?rest_route=%2Fwp%2Fv2%2Ftags&post=8373"}],"curies":[{"name":"wp","href":"https:\/\/api.w.org\/{rel}","templated":true}]}}