{"id":8359,"date":"2025-02-26T07:01:40","date_gmt":"2025-02-26T10:01:40","guid":{"rendered":"https:\/\/www.secheep.gob.ar\/?p=8359"},"modified":"2025-02-27T07:25:11","modified_gmt":"2025-02-27T10:25:11","slug":"inscripcion-al-subsidio-operativos-del-gobierno-provincial-en-el-gran-resistencia","status":"publish","type":"post","link":"https:\/\/www.secheep.gob.ar\/?p=8359","title":{"rendered":"Inscripci\u00f3n al subsidio: el Gobierno provincial con m\u00e1s operativos en el AMGR"},"content":{"rendered":"<p>A paso firme, el Gobierno provincial contin\u00faa con los operativos de inscripci\u00f3n al subsidio energ\u00e9tico nacional y de asesoramiento sobre el \u00abDescuento Verano\u00bb. En ese marco, cientos de vecinos participaron este mi\u00e9rcoles 26, en la escuela 954 de Barranqueras, de una nueva jornada de abordaje territorial llevada a cabo por SECHEEP junto al equipo de trabajo del Programa \u00d1achec y con el acompa\u00f1amiento de Ecom Chaco. En la jornada del jueves 27, la acci\u00f3n se realizar\u00e1 en la sede del Sedronar, en Fontana.<!--more--><br \/>\n\u201cComo en cada jornada que se realiz\u00f3 en el interior provincial, tambi\u00e9n en la zona del Gran Resistencia observamos que la gente se acerca para inscribirse al subsidio nacional y para asesorarse sobre el \u2018Descuento Verano\u2019 implementado por el Gobierno provincial para reducir el impacto de los aumentos nacionales en las facturas de luz\u201d, se\u00f1al\u00f3 el vocal del Directorio de Secheep, Germ\u00e1n Perelli.<br \/>\nEn poco m\u00e1s de 4 semanas de operativos, la iniciativa del Gobierno provincial recorri\u00f3 25 localidades en donde m\u00e1s de 7.000 hogares chaque\u00f1os se pudieron inscribir al subsidio nacional. \u201cAdem\u00e1s, se informan sobre el beneficio del \u00abDescuento Verano\u00bb con el cual habr\u00e1 descuento en las boletas de hasta el 29% en los consumos de enero, febrero y marzo\u00bb, record\u00f3 Perelli.<\/p>\n<p><strong>El jueves, en Fontana<\/strong><br \/>\nEl operativo continuar\u00e1n este jueves 27, en Fontana. El objetivo es colaborar con la inscripci\u00f3n al Registro de Acceso a los Subsidios Energ\u00e9ticos (RASE) del Gobierno Nacional. Para hacerlo, deben asistir con el DNI del titular de la factura, una factura de luz de Secheep y el CUIL de todos los integrantes del hogar.<br \/>\nSeg\u00fan el cronograma, el abordaje continuar\u00e1 de la siguiente manera:<br \/>\n\u25aa\ufe0e Jueves 27\/02<br \/>\n\u2013 Fontana, de 09:00 a 12.00, en la sede del SEDRONAR (San Mart\u00edn 1105).<\/p>\n<p><img loading=\"lazy\" class=\"alignnone size-medium wp-image-8360\" src=\"https:\/\/www.secheep.gob.ar\/wp-content\/uploads\/2025\/02\/44-2-300x225.png\" alt=\"\" width=\"300\" height=\"225\" \/> <img loading=\"lazy\" class=\"alignnone size-medium wp-image-8361\" src=\"https:\/\/www.secheep.gob.ar\/wp-content\/uploads\/2025\/02\/11-1-300x169.png\" alt=\"\" width=\"300\" height=\"169\" \/><\/p>\n<p><img loading=\"lazy\" class=\"alignnone size-medium wp-image-8362\" src=\"https:\/\/www.secheep.gob.ar\/wp-content\/uploads\/2025\/02\/22-2-300x169.png\" alt=\"\" width=\"300\" height=\"169\" \/> <img loading=\"lazy\" class=\"alignnone size-medium wp-image-8363\" src=\"https:\/\/www.secheep.gob.ar\/wp-content\/uploads\/2025\/02\/66-1-300x169.png\" alt=\"\" width=\"300\" height=\"169\" \/><\/p>\n<p><img loading=\"lazy\" class=\"alignnone size-medium wp-image-8364\" src=\"https:\/\/www.secheep.gob.ar\/wp-content\/uploads\/2025\/02\/33-2-300x169.png\" alt=\"\" width=\"300\" height=\"169\" \/> <img loading=\"lazy\" class=\"alignnone size-medium wp-image-8366\" src=\"https:\/\/www.secheep.gob.ar\/wp-content\/uploads\/2025\/02\/77-1-300x169.png\" alt=\"\" width=\"300\" height=\"169\" \/><\/p>\n<p>&nbsp;<\/p>\n","protected":false},"excerpt":{"rendered":"<p>A paso firme, el Gobierno provincial contin\u00faa con los operativos de inscripci\u00f3n al subsidio energ\u00e9tico nacional y de asesoramiento sobre el \u00abDescuento Verano\u00bb. En ese marco, cientos de vecinos participaron este mi\u00e9rcoles 26, en la escuela 954 de Barranqueras, de una nueva jornada de abordaje territorial llevada a cabo por SECHEEP junto al equipo de [&hellip;]<\/p>\n","protected":false},"author":4,"featured_media":8360,"comment_status":"open","ping_status":"open","sticky":false,"template":"","format":"standard","meta":{"_et_pb_use_builder":"","_et_pb_old_content":"","_et_gb_content_width":"","_joinchat":[]},"categories":[3],"tags":[],"_links":{"self":[{"href":"https:\/\/www.secheep.gob.ar\/index.php?rest_route=\/wp\/v2\/posts\/8359"}],"collection":[{"href":"https:\/\/www.secheep.gob.ar\/index.php?rest_route=\/wp\/v2\/posts"}],"about":[{"href":"https:\/\/www.secheep.gob.ar\/index.php?rest_route=\/wp\/v2\/types\/post"}],"author":[{"embeddable":true,"href":"https:\/\/www.secheep.gob.ar\/index.php?rest_route=\/wp\/v2\/users\/4"}],"replies":[{"embeddable":true,"href":"https:\/\/www.secheep.gob.ar\/index.php?rest_route=%2Fwp%2Fv2%2Fcomments&post=8359"}],"version-history":[{"count":6,"href":"https:\/\/www.secheep.gob.ar\/index.php?rest_route=\/wp\/v2\/posts\/8359\/revisions"}],"predecessor-version":[{"id":8372,"href":"https:\/\/www.secheep.gob.ar\/index.php?rest_route=\/wp\/v2\/posts\/8359\/revisions\/8372"}],"wp:featuredmedia":[{"embeddable":true,"href":"https:\/\/www.secheep.gob.ar\/index.php?rest_route=\/wp\/v2\/media\/8360"}],"wp:attachment":[{"href":"https:\/\/www.secheep.gob.ar\/index.php?rest_route=%2Fwp%2Fv2%2Fmedia&parent=8359"}],"wp:term":[{"taxonomy":"category","embeddable":true,"href":"https:\/\/www.secheep.gob.ar\/index.php?rest_route=%2Fwp%2Fv2%2Fcategories&post=8359"},{"taxonomy":"post_tag","embeddable":true,"href":"https:\/\/www.secheep.gob.ar\/index.php?rest_route=%2Fwp%2Fv2%2Ftags&post=8359"}],"curies":[{"name":"wp","href":"https:\/\/api.w.org\/{rel}","templated":true}]}}