{"id":8339,"date":"2025-02-20T22:03:37","date_gmt":"2025-02-21T01:03:37","guid":{"rendered":"https:\/\/www.secheep.gob.ar\/?p=8339"},"modified":"2025-02-20T22:46:11","modified_gmt":"2025-02-21T01:46:11","slug":"operativos-mas-de-7000-chaquenos-ya-se-inscribieron-al-subsidio","status":"publish","type":"post","link":"https:\/\/www.secheep.gob.ar\/?p=8339","title":{"rendered":"Operativos del Gobierno provincial: +7000 inscriptos al subsidio energ\u00e9tico"},"content":{"rendered":"<p>Con una nutrida concurrencia de vecinos, este jueves 20, el operativo de inscripci\u00f3n al subsidio energ\u00e9tico nacional y de asesoramiento sobre el \u00abDescuento Verano\u00bb, llevado a cabo por el Gobierno provincial a trav\u00e9s de SECHEEP y el Programa \u00d1achec, lleg\u00f3 a los barrios Los Cisnes y Villa Don Andr\u00e9s de Resistencia. \u00abEn estas cuatro primeras semanas de implementaci\u00f3n del abordaje ya son m\u00e1s de 7.000 los hogares que se adhirieron para acceder al beneficio\u00bb, se\u00f1al\u00f3 el presidente de Secheep, Jos\u00e9 Bistoletti, en una recorrida realizada por los diferentes puntos donde se llev\u00f3 a cabo el abordaje territorial.<!--more--><br \/>\nLos operativos son impulsados por el Gobierno provincial para asesorar a las familias chaque\u00f1as sobre los pasos a seguir para adherirse al subsidio nacional a las facturas de luz. La iniciativa es realizada en forma conjunta por SECHEEP, el Ministerio de Desarrollo Humano a trav\u00e9s del Programa \u00d1achec y la colaboraci\u00f3n de Ecom Chaco.<br \/>\nEn estas primeras cuatro semanas, los trabajos en terreno ya visitaron 25 localidades, en donde \u00abm\u00e1s de 7.000 vecinos se inscribieron al subsidio nacional, y se informaron sobre el beneficio del \u00abDescuento Verano\u00bb con el cual habr\u00e1 descuento en las boletas de hasta el 29% en los consumos de enero, febrero y marzo\u00bb, destac\u00f3 Bistoletti, quien en la ma\u00f1ana del jueves estuvo en el Centro Comunitario del barrios Los Cisnes, y el mi\u00e9rcoles 19, junto a la secretaria General de la Gobernaci\u00f3n, Carolina Meiri\u00f1o, visit\u00f3 el trabajo que se realiz\u00f3 en la escuela N\u00ba 274, de Villa Pegoraro, y en las oficinas de Desarrollo Territorial.<br \/>\nA su turno, la secretar\u00eda general de la Gobernaci\u00f3n record\u00f3 que \u00aben la actual semana, los operativos se llevan a cabo en Resistencia. Comenzaron el martes en los Centros Comunitarios de Villa R\u00edo Negro y Villa Prosperidad, mientras que en la jornada del viernes, el trabajo se trasladar\u00e1 a Barranqueras\u00bb, confirm\u00f3 Meiri\u00f1o.<br \/>\n\u00abEstamos trabajando junto a la gente y en beneficio de la gente\u00bb, agreg\u00f3 la funcionaria, quien confirm\u00f3 que \u00ablos operativos continuar\u00e1n en las pr\u00f3ximas semanas, con un fuerte abordaje con las diferentes \u00e1reas del Estado, trabajando todos juntos\u00bb, resalt\u00f3.<\/p>\n<p><strong>Trabajo articulado de los organismos provinciales<\/strong><br \/>\nDesde el programa \u00d1achec, Elodia L\u00f3pez destac\u00f3 la importancia de los trabajos en terreno que permiten facilitar a los vecinos la gesti\u00f3n de tr\u00e1mites importantes para acceder al subsidio energ\u00e9tico. \u00abTodos los interesados deben acercarse con su factura de luz y el DNI\u00bb, se\u00f1al\u00f3.<br \/>\nEn la misma sinton\u00eda, la presidente del Instituto Provincial para la Inclusi\u00f3n de las Personas con Discapacidad (Iprodich), Ana Mitoire, celebr\u00f3 el trabajo mancomunado de los organismos del Estado. \u00abTanto en el interior provincial como en el \u00e1rea metropolitana, nuestro equipo est\u00e1 acompa\u00f1ando tanto para asesorar sobre el subsidio energ\u00e9tico, como tambi\u00e9n en cuestiones puntuales que hacen a los derechos de las personas con discapacidad\u00bb.<br \/>\n\u00abTrabajar en conjunto con los dem\u00e1s organismos, y hacerlo en terreno es uno de los pedidos centrales del gobernador Leandro Zdero. El objetivo es estar en territorio con la gente, sin intermediarios y solucionar las diferentes cuestiones e inquietudes de la comunidad\u00bb, agreg\u00f3 Mitoire.<\/p>\n<p><strong>Vecinos agradecidos<\/strong><br \/>\n\u201cEs una gran iniciativa que los organismos vengan a los barrios. Somos muchos los que vemos complicados acercarnos a hacer tr\u00e1mites y que el gobernador haya tomado la decisi\u00f3n de que tanto Secheep como otros organismos vengan a los barrios es pensar y ponerse del lado de la gente\u00bb, se\u00f1al\u00f3 Mabel, quien desde el barrio Aramburu se acerc\u00f3 al Centro Comunitario de Los Cisnes a inscribirse al subsidio.<br \/>\n\u00abDoy gracias a Dios por este operativo y pido que siga iluminando al gobernador Zdero con este tipo de acciones, por muchos somos gente mayor que casi no podemos trasladarnos y estos operativos son muy beneficiosos\u00bb, resalt\u00f3.<br \/>\nDel mismo modos, Marcelo del barrio Villa Pegoraro, agradeci\u00f3 por el operativo llevado a cabo en dicha barriada el mi\u00e9rcoles a la ma\u00f1ana. \u00abSoy una persona humilde y no s\u00e9 usar una computadora y hace rato quer\u00eda inscribirme y no pod\u00eda. Hoy, gracias a que la gente vino al barrio pude hacerlo en forma r\u00e1pida y bien atendido\u00bb, resalt\u00f3.<br \/>\nN\u00e9lida, una vecina de Villa R\u00edo Negro, manifest\u00f3 su agradecimiento para acercar al barrio estos operativos que facilitan la gesti\u00f3n de tr\u00e1mites. \u201cLa atenci\u00f3n fue muy buena y esta ayuda ser\u00e1 m\u00e1s que bienvenida; gracias por acordarse de nosotros\u201d, expres\u00f3. En tanto que Ana, otra vecina de la misma barriada, se\u00f1al\u00f3: \u201cLa recepci\u00f3n fue muy buena; estoy muy agradecida con este Gobierno que piensa en nosotros\u201d.<\/p>\n<p><strong>El viernes, en Barranqueras<\/strong><br \/>\nEl operativo continuar\u00e1n este viernes 21, en Barranqueras. El objetivo es colaborar con la inscripci\u00f3n al Registro de Acceso a los Subsidios Energ\u00e9ticos (RASE) del Gobierno Nacional. Para hacerlo, deben asistir con el DNI del titular de la factura, una factura de luz de Secheep y el CUIL de todos los integrantes del hogar.<br \/>\nSeg\u00fan el cronograma, el abordaje continuar\u00e1 de la siguiente manera:<br \/>\n\u25aa\ufe0e Viernes 21\/02<br \/>\n\u2013 Barranqueras, de 09:00 a 12.00, CIFF N\u00ba 9, Nuestra Se\u00f1ora de Lourdes (San Mart\u00edn 1105).<\/p>\n<p><img loading=\"lazy\" class=\"alignnone size-medium wp-image-8340\" src=\"https:\/\/www.secheep.gob.ar\/wp-content\/uploads\/2025\/02\/uno-277x300.png\" alt=\"\" width=\"277\" height=\"300\" \/> <img loading=\"lazy\" class=\"alignnone size-medium wp-image-8342\" src=\"https:\/\/www.secheep.gob.ar\/wp-content\/uploads\/2025\/02\/22-1-300x200.png\" alt=\"\" width=\"300\" height=\"200\" \/><\/p>\n<p><img loading=\"lazy\" class=\"alignnone size-medium wp-image-8343\" src=\"https:\/\/www.secheep.gob.ar\/wp-content\/uploads\/2025\/02\/77-300x225.png\" alt=\"\" width=\"300\" height=\"225\" \/> <img loading=\"lazy\" class=\"alignnone size-medium wp-image-8344\" src=\"https:\/\/www.secheep.gob.ar\/wp-content\/uploads\/2025\/02\/66-300x200.png\" alt=\"\" width=\"300\" height=\"200\" \/><\/p>\n<p><img loading=\"lazy\" class=\"alignnone size-medium wp-image-8345\" src=\"https:\/\/www.secheep.gob.ar\/wp-content\/uploads\/2025\/02\/55-1-300x200.png\" alt=\"\" width=\"300\" height=\"200\" \/> <img loading=\"lazy\" class=\"alignnone size-medium wp-image-8347\" src=\"https:\/\/www.secheep.gob.ar\/wp-content\/uploads\/2025\/02\/33-1-300x225.png\" alt=\"\" width=\"300\" height=\"225\" \/><\/p>\n<p><img loading=\"lazy\" class=\"alignnone size-medium wp-image-8348\" src=\"https:\/\/www.secheep.gob.ar\/wp-content\/uploads\/2025\/02\/44-1-300x200.png\" alt=\"\" width=\"300\" height=\"200\" \/><\/p>\n","protected":false},"excerpt":{"rendered":"<p>Con una nutrida concurrencia de vecinos, este jueves 20, el operativo de inscripci\u00f3n al subsidio energ\u00e9tico nacional y de asesoramiento sobre el \u00abDescuento Verano\u00bb, llevado a cabo por el Gobierno provincial a trav\u00e9s de SECHEEP y el Programa \u00d1achec, lleg\u00f3 a los barrios Los Cisnes y Villa Don Andr\u00e9s de Resistencia. \u00abEn estas cuatro primeras [&hellip;]<\/p>\n","protected":false},"author":4,"featured_media":8340,"comment_status":"open","ping_status":"open","sticky":false,"template":"","format":"standard","meta":{"_et_pb_use_builder":"","_et_pb_old_content":"","_et_gb_content_width":"","_joinchat":[]},"categories":[3],"tags":[],"_links":{"self":[{"href":"https:\/\/www.secheep.gob.ar\/index.php?rest_route=\/wp\/v2\/posts\/8339"}],"collection":[{"href":"https:\/\/www.secheep.gob.ar\/index.php?rest_route=\/wp\/v2\/posts"}],"about":[{"href":"https:\/\/www.secheep.gob.ar\/index.php?rest_route=\/wp\/v2\/types\/post"}],"author":[{"embeddable":true,"href":"https:\/\/www.secheep.gob.ar\/index.php?rest_route=\/wp\/v2\/users\/4"}],"replies":[{"embeddable":true,"href":"https:\/\/www.secheep.gob.ar\/index.php?rest_route=%2Fwp%2Fv2%2Fcomments&post=8339"}],"version-history":[{"count":7,"href":"https:\/\/www.secheep.gob.ar\/index.php?rest_route=\/wp\/v2\/posts\/8339\/revisions"}],"predecessor-version":[{"id":8353,"href":"https:\/\/www.secheep.gob.ar\/index.php?rest_route=\/wp\/v2\/posts\/8339\/revisions\/8353"}],"wp:featuredmedia":[{"embeddable":true,"href":"https:\/\/www.secheep.gob.ar\/index.php?rest_route=\/wp\/v2\/media\/8340"}],"wp:attachment":[{"href":"https:\/\/www.secheep.gob.ar\/index.php?rest_route=%2Fwp%2Fv2%2Fmedia&parent=8339"}],"wp:term":[{"taxonomy":"category","embeddable":true,"href":"https:\/\/www.secheep.gob.ar\/index.php?rest_route=%2Fwp%2Fv2%2Fcategories&post=8339"},{"taxonomy":"post_tag","embeddable":true,"href":"https:\/\/www.secheep.gob.ar\/index.php?rest_route=%2Fwp%2Fv2%2Ftags&post=8339"}],"curies":[{"name":"wp","href":"https:\/\/api.w.org\/{rel}","templated":true}]}}