{"id":8336,"date":"2025-02-19T18:07:50","date_gmt":"2025-02-19T21:07:50","guid":{"rendered":"https:\/\/www.secheep.gob.ar\/?p=8336"},"modified":"2025-02-20T18:13:27","modified_gmt":"2025-02-20T21:13:27","slug":"secheep-y-distribuidoras-del-nea-y-noa-se-reunen-con-cammesa","status":"publish","type":"post","link":"https:\/\/www.secheep.gob.ar\/?p=8336","title":{"rendered":"SECHEEP y distribuidoras del NEA y NOA se re\u00fanen con CAMMESA"},"content":{"rendered":"<p>La ola de calor que desde inicios de febrero padece la gran parte del pa\u00eds, dispar\u00f3 la demanda energ\u00e9tica generando colapsos en el Sistema Argentino de Interconexi\u00f3n (SADI) que se sintieron en la regi\u00f3n y la provincia. En ese marco, el equipo t\u00e9cnico de SECHEEP juntos a sus pares de empresas del Nordeste y Noroeste Argentino se reunir\u00e1n con CAMMESA (Compa\u00f1\u00eda Administradora del Mercado Mayorista El\u00e9ctrico SA), para evaluar los impactos de estas perturbaciones y avanzar hacia una soluci\u00f3n a dichos problemas.<!--more--><br \/>\nLa reuni\u00f3n, solicitada por Secheep y dem\u00e1s distribuidoras, se realizar\u00e1 el viernes 21, a las 9, en la sede de Cammesa de la localidad de P\u00e9rez, en las afueras del Gran Rosario (Santa Fe). La empresa chaque\u00f1a asistir\u00e1 con todo un equipo t\u00e9cnico de los departamentos y sectores de Protecciones, Centros de Control, Distribuci\u00f3n, Transmisi\u00f3n, etc\u00e9tera.<br \/>\n\u201cSe analizar\u00e1n diferentes temas a los efectos de evaluar los impactos de este fen\u00f3meno que se est\u00e1 dando en los \u00faltimos d\u00edas, tanto en el Chaco como en diferentes regiones y zonas del norte argentino\u201d, inform\u00f3 el presidente de Secheep, Jos\u00e9 Bistoletti.<br \/>\nEn las \u00faltimas semanas, casi en forma diaria se registraron colapsos en las redes el\u00e9ctricas de alta tensi\u00f3n, ajenas a las empresas de distribuci\u00f3n como es Secheep. La ola de calor dispar\u00f3 los valores hist\u00f3ricos de demanda de energ\u00eda el\u00e9ctrica tanto en la provincia como en el \u00e1mbito nacional.<br \/>\n\u201cEl objetivo de la reuni\u00f3n es analizar y evaluar c\u00f3mo se comport\u00f3 el sistema interconectado y trabajar hacia el futuro para solucionar los inconvenientes que se presentaron, de manera tal de mejorar la calidad de la prestaci\u00f3n del servicio\u201d, agreg\u00f3 Bistoletti.<\/p>\n<p><strong>Demanda R\u00e9cord<\/strong><br \/>\nLos informes de Cammesa marcaron que el pasado 6 de febrero, la demanda provincial lleg\u00f3 a los 855 MW de potencia, superando el r\u00e9cord anterior de 836,4 MW de 6 de diciembre del a\u00f1o pasado (siempre en la actual temporada estival).<br \/>\nAdem\u00e1s, el lunes 10, a las 13.30, el pico de consumo en territorio chaque\u00f1o fue de 852 MW de potencia. En esa misma jornada tambi\u00e9n se bati\u00f3 el r\u00e9cord de demanda a nivel nacional. Seg\u00fan lo informado por CAMMESA, a las 14.47 de dicha jornada, el consumo fue de 30.257 MW de potencia, superando a la m\u00e1xima anterior de 29.653, correspondiente al 1 de febrero del a\u00f1o pasado.<\/p>\n<p><img loading=\"lazy\" class=\"alignnone size-medium wp-image-8337\" src=\"https:\/\/www.secheep.gob.ar\/wp-content\/uploads\/2025\/02\/cammesa-300x207.png\" alt=\"\" width=\"300\" height=\"207\" \/><\/p>\n","protected":false},"excerpt":{"rendered":"<p>La ola de calor que desde inicios de febrero padece la gran parte del pa\u00eds, dispar\u00f3 la demanda energ\u00e9tica generando colapsos en el Sistema Argentino de Interconexi\u00f3n (SADI) que se sintieron en la regi\u00f3n y la provincia. En ese marco, el equipo t\u00e9cnico de SECHEEP juntos a sus pares de empresas del Nordeste y Noroeste [&hellip;]<\/p>\n","protected":false},"author":4,"featured_media":8337,"comment_status":"open","ping_status":"open","sticky":false,"template":"","format":"standard","meta":{"_et_pb_use_builder":"","_et_pb_old_content":"","_et_gb_content_width":"","_joinchat":[]},"categories":[3],"tags":[],"_links":{"self":[{"href":"https:\/\/www.secheep.gob.ar\/index.php?rest_route=\/wp\/v2\/posts\/8336"}],"collection":[{"href":"https:\/\/www.secheep.gob.ar\/index.php?rest_route=\/wp\/v2\/posts"}],"about":[{"href":"https:\/\/www.secheep.gob.ar\/index.php?rest_route=\/wp\/v2\/types\/post"}],"author":[{"embeddable":true,"href":"https:\/\/www.secheep.gob.ar\/index.php?rest_route=\/wp\/v2\/users\/4"}],"replies":[{"embeddable":true,"href":"https:\/\/www.secheep.gob.ar\/index.php?rest_route=%2Fwp%2Fv2%2Fcomments&post=8336"}],"version-history":[{"count":1,"href":"https:\/\/www.secheep.gob.ar\/index.php?rest_route=\/wp\/v2\/posts\/8336\/revisions"}],"predecessor-version":[{"id":8338,"href":"https:\/\/www.secheep.gob.ar\/index.php?rest_route=\/wp\/v2\/posts\/8336\/revisions\/8338"}],"wp:featuredmedia":[{"embeddable":true,"href":"https:\/\/www.secheep.gob.ar\/index.php?rest_route=\/wp\/v2\/media\/8337"}],"wp:attachment":[{"href":"https:\/\/www.secheep.gob.ar\/index.php?rest_route=%2Fwp%2Fv2%2Fmedia&parent=8336"}],"wp:term":[{"taxonomy":"category","embeddable":true,"href":"https:\/\/www.secheep.gob.ar\/index.php?rest_route=%2Fwp%2Fv2%2Fcategories&post=8336"},{"taxonomy":"post_tag","embeddable":true,"href":"https:\/\/www.secheep.gob.ar\/index.php?rest_route=%2Fwp%2Fv2%2Ftags&post=8336"}],"curies":[{"name":"wp","href":"https:\/\/api.w.org\/{rel}","templated":true}]}}