{"id":8329,"date":"2025-02-17T19:42:25","date_gmt":"2025-02-17T22:42:25","guid":{"rendered":"https:\/\/www.secheep.gob.ar\/?p=8329"},"modified":"2025-02-17T19:42:58","modified_gmt":"2025-02-17T22:42:58","slug":"llegan-a-resistencia-los-operativos-de-inscripcion-al-subsidio-nacional","status":"publish","type":"post","link":"https:\/\/www.secheep.gob.ar\/?p=8329","title":{"rendered":"Llegan a Resistencia, los operativos de inscripci\u00f3n al subsidio nacional"},"content":{"rendered":"<p><strong>Desde el martes 18 y hasta el viernes 21 de febrero, de 9 a 12, en diferentes zonas de Resistencia y Barranqueras, se llevar\u00e1 a cabo la cuarta semana de los operativos de inscripci\u00f3n al subsidio energ\u00e9tico nacional y de asesoramiento sobre el \u00abDescuento Verano\u00bb<\/strong>. El abordaje es realizado por el Gobierno provincial a trav\u00e9s de SECHEEP y el Programa \u00d1achec, con el objetivo de mitigar los aumentos de la Naci\u00f3n a las facturas de luz de los chaque\u00f1os.<br \/>\nEn las primeras tres semanas, los trabajos en terreno ya visitaron 23 localidades del interior provincial, en donde m\u00e1s de 5.000 vecinos se inscribieron al subsidio nacional, y se informaron sobre el beneficio del \u00abDescuento Verano\u00bb con el cual habr\u00e1 descuento en las boletas de hasta el 29% en los consumos de enero, febrero y marzo.<br \/>\n<strong>Los operativos son impulsados por el Gobierno provincial para asesorar a las familias chaque\u00f1as sobre los pasos a seguir para adherirse al subsidio nacional a las facturas de luz. La iniciativa es realizada en forma conjunta por SECHEEP, el Ministerio de Desarrollo Humano a trav\u00e9s del Programa \u00d1achec y la colaboraci\u00f3n de Ecom Chaco.<\/strong><br \/>\nEl abordaje, que se lleva a cabo seg\u00fan un cronograma establecido semanalmente en toda la provincia, tiene como objetivo que m\u00e1s chaque\u00f1os se adhieran al subsidio nacional.<\/p>\n<p><strong>Cronograma del 18 al 21 de febrero y qu\u00e9 papeles llevar<\/strong><br \/>\nLos operativos continuar\u00e1n este martes 18 en Resistencia, donde se realizar\u00e1n hasta el jueves 20, en tanto que el viernes 21, se llevar\u00e1n a cabo en Barranqueras.<br \/>\nEl objetivo es colaborar con la inscripci\u00f3n al Registro de Acceso a los Subsidios Energ\u00e9ticos (RASE) del Gobierno Nacional. Para hacerlo, <strong>deben asistir con el DNI del titular de la factura, una factura de luz de Secheep y el CUIL de todos los integrantes del hogar.<\/strong><br \/>\nSeg\u00fan el cronograma, los operativos continuar\u00e1n de la siguiente manera:<br \/>\n<strong>\u25aa\ufe0e Martes 18\/02<\/strong><br \/>\n&#8211; Resistencia (Zona 1), de 09:00 a 12:00, en el Centro Comunitario de Villa R\u00edo Negro (La Sabana S\/N).<br \/>\n&#8211; Resistencia (Zona 2), de 09:00 a 12:00, en el Centro Comunitario de Villa Prosperidad (Beltr\u00e1n 850).<br \/>\n<strong>\u25aa\ufe0e Mi\u00e9rcoles 19\/02<\/strong><br \/>\n&#8211; Resistencia (Zona 3), de 09:00 a 12:00, Escuela N\u00ba 274, de Villa Pegoraro (Mendoza y calle 9).<br \/>\n&#8211; Resistencia (Zona 4), de 09:00 a 12:00, Oficina de Desarrollo Territorial (Carlos Hardy y calle 29).<br \/>\n<strong>\u25aa\ufe0e Jueves 20\/02<\/strong><br \/>\n&#8211; Resistencia (Zona 5), de 09:00 a 12:00, Centro Comunitario \u201cLos Cisnes\u201d (Crist\u00f3fani 1995).<br \/>\n&#8211; Resistencia (Zona 6), de 09:00 a 12:00, Iglesia La Verdad y La Vida, de Villa Don Andr\u00e9s (Hait\u00ed 1402).<br \/>\n<strong>\u25aa\ufe0e Viernes 21\/02<\/strong><br \/>\n&#8211; Barranqueras, de 09:00 a 12.00, CIFF N\u00ba 9, Nuestra Se\u00f1ora de Lourdes (San Mart\u00edn 1105).<\/p>\n<p><img loading=\"lazy\" class=\"alignnone size-medium wp-image-8330\" src=\"https:\/\/www.secheep.gob.ar\/wp-content\/uploads\/2025\/02\/11-240x300.png\" alt=\"\" width=\"240\" height=\"300\" \/> <img loading=\"lazy\" class=\"alignnone size-medium wp-image-8331\" src=\"https:\/\/www.secheep.gob.ar\/wp-content\/uploads\/2025\/02\/22-240x300.png\" alt=\"\" width=\"240\" height=\"300\" \/><\/p>\n<p><img loading=\"lazy\" class=\"alignnone size-medium wp-image-8332\" src=\"https:\/\/www.secheep.gob.ar\/wp-content\/uploads\/2025\/02\/33-240x300.png\" alt=\"\" width=\"240\" height=\"300\" \/> <img loading=\"lazy\" class=\"alignnone size-medium wp-image-8333\" src=\"https:\/\/www.secheep.gob.ar\/wp-content\/uploads\/2025\/02\/44-240x300.png\" alt=\"\" width=\"240\" height=\"300\" \/><\/p>\n<p><img loading=\"lazy\" class=\"alignnone size-medium wp-image-8334\" src=\"https:\/\/www.secheep.gob.ar\/wp-content\/uploads\/2025\/02\/55-240x300.png\" alt=\"\" width=\"240\" height=\"300\" \/><\/p>\n","protected":false},"excerpt":{"rendered":"<p>Desde el martes 18 y hasta el viernes 21 de febrero, de 9 a 12, en diferentes zonas de Resistencia y Barranqueras, se llevar\u00e1 a cabo la cuarta semana de los operativos de inscripci\u00f3n al subsidio energ\u00e9tico nacional y de asesoramiento sobre el \u00abDescuento Verano\u00bb. El abordaje es realizado por el Gobierno provincial a trav\u00e9s [&hellip;]<\/p>\n","protected":false},"author":4,"featured_media":8330,"comment_status":"open","ping_status":"open","sticky":false,"template":"","format":"standard","meta":{"_et_pb_use_builder":"","_et_pb_old_content":"","_et_gb_content_width":"","_joinchat":[]},"categories":[3],"tags":[],"_links":{"self":[{"href":"https:\/\/www.secheep.gob.ar\/index.php?rest_route=\/wp\/v2\/posts\/8329"}],"collection":[{"href":"https:\/\/www.secheep.gob.ar\/index.php?rest_route=\/wp\/v2\/posts"}],"about":[{"href":"https:\/\/www.secheep.gob.ar\/index.php?rest_route=\/wp\/v2\/types\/post"}],"author":[{"embeddable":true,"href":"https:\/\/www.secheep.gob.ar\/index.php?rest_route=\/wp\/v2\/users\/4"}],"replies":[{"embeddable":true,"href":"https:\/\/www.secheep.gob.ar\/index.php?rest_route=%2Fwp%2Fv2%2Fcomments&post=8329"}],"version-history":[{"count":1,"href":"https:\/\/www.secheep.gob.ar\/index.php?rest_route=\/wp\/v2\/posts\/8329\/revisions"}],"predecessor-version":[{"id":8335,"href":"https:\/\/www.secheep.gob.ar\/index.php?rest_route=\/wp\/v2\/posts\/8329\/revisions\/8335"}],"wp:featuredmedia":[{"embeddable":true,"href":"https:\/\/www.secheep.gob.ar\/index.php?rest_route=\/wp\/v2\/media\/8330"}],"wp:attachment":[{"href":"https:\/\/www.secheep.gob.ar\/index.php?rest_route=%2Fwp%2Fv2%2Fmedia&parent=8329"}],"wp:term":[{"taxonomy":"category","embeddable":true,"href":"https:\/\/www.secheep.gob.ar\/index.php?rest_route=%2Fwp%2Fv2%2Fcategories&post=8329"},{"taxonomy":"post_tag","embeddable":true,"href":"https:\/\/www.secheep.gob.ar\/index.php?rest_route=%2Fwp%2Fv2%2Ftags&post=8329"}],"curies":[{"name":"wp","href":"https:\/\/api.w.org\/{rel}","templated":true}]}}