{"id":8324,"date":"2025-02-15T20:03:18","date_gmt":"2025-02-15T23:03:18","guid":{"rendered":"https:\/\/www.secheep.gob.ar\/?p=8324"},"modified":"2025-02-15T20:03:18","modified_gmt":"2025-02-15T23:03:18","slug":"martes-18-trabajos-para-inyectar-mas-energia-solar-a-la-red-electrica","status":"publish","type":"post","link":"https:\/\/www.secheep.gob.ar\/?p=8324","title":{"rendered":"Martes 18: trabajos para inyectar m\u00e1s energ\u00eda solar a la red el\u00e9ctrica"},"content":{"rendered":"<p>\u26a1 SECHEEP informa que este martes 18, de 6 a 7 horas, por solicitud de la Empresa MSU, para realizar trabajos en la red de alta tensi\u00f3n en 132 KV, habr\u00e1 interrupciones del servicio el\u00e9ctrico en Villa \u00c1ngela, Coronel Du Graty, Santa Sylvina, San Bernardo y Villa Berthet.<br \/>\n\u26a1Los trabajos son esenciales para generar e inyectar m\u00e1s energ\u00eda fotovoltaica (solar) a la red el\u00e9ctrica crucial para mejorar la calidad y estabilidad del suministro en la regi\u00f3n.<\/p>\n<p><img loading=\"lazy\" class=\"alignnone size-medium wp-image-8325\" src=\"https:\/\/www.secheep.gob.ar\/wp-content\/uploads\/2025\/02\/valido_-169x300.png\" alt=\"\" width=\"169\" height=\"300\" \/><\/p>\n","protected":false},"excerpt":{"rendered":"<p>\u26a1 SECHEEP informa que este martes 18, de 6 a 7 horas, por solicitud de la Empresa MSU, para realizar trabajos en la red de alta tensi\u00f3n en 132 KV, habr\u00e1 interrupciones del servicio el\u00e9ctrico en Villa \u00c1ngela, Coronel Du Graty, Santa Sylvina, San Bernardo y Villa Berthet. \u26a1Los trabajos son esenciales para generar e [&hellip;]<\/p>\n","protected":false},"author":4,"featured_media":8325,"comment_status":"open","ping_status":"open","sticky":false,"template":"","format":"standard","meta":{"_et_pb_use_builder":"","_et_pb_old_content":"","_et_gb_content_width":"","_joinchat":[]},"categories":[3],"tags":[],"_links":{"self":[{"href":"https:\/\/www.secheep.gob.ar\/index.php?rest_route=\/wp\/v2\/posts\/8324"}],"collection":[{"href":"https:\/\/www.secheep.gob.ar\/index.php?rest_route=\/wp\/v2\/posts"}],"about":[{"href":"https:\/\/www.secheep.gob.ar\/index.php?rest_route=\/wp\/v2\/types\/post"}],"author":[{"embeddable":true,"href":"https:\/\/www.secheep.gob.ar\/index.php?rest_route=\/wp\/v2\/users\/4"}],"replies":[{"embeddable":true,"href":"https:\/\/www.secheep.gob.ar\/index.php?rest_route=%2Fwp%2Fv2%2Fcomments&post=8324"}],"version-history":[{"count":1,"href":"https:\/\/www.secheep.gob.ar\/index.php?rest_route=\/wp\/v2\/posts\/8324\/revisions"}],"predecessor-version":[{"id":8326,"href":"https:\/\/www.secheep.gob.ar\/index.php?rest_route=\/wp\/v2\/posts\/8324\/revisions\/8326"}],"wp:featuredmedia":[{"embeddable":true,"href":"https:\/\/www.secheep.gob.ar\/index.php?rest_route=\/wp\/v2\/media\/8325"}],"wp:attachment":[{"href":"https:\/\/www.secheep.gob.ar\/index.php?rest_route=%2Fwp%2Fv2%2Fmedia&parent=8324"}],"wp:term":[{"taxonomy":"category","embeddable":true,"href":"https:\/\/www.secheep.gob.ar\/index.php?rest_route=%2Fwp%2Fv2%2Fcategories&post=8324"},{"taxonomy":"post_tag","embeddable":true,"href":"https:\/\/www.secheep.gob.ar\/index.php?rest_route=%2Fwp%2Fv2%2Ftags&post=8324"}],"curies":[{"name":"wp","href":"https:\/\/api.w.org\/{rel}","templated":true}]}}