{"id":8316,"date":"2025-02-11T09:03:43","date_gmt":"2025-02-11T12:03:43","guid":{"rendered":"https:\/\/www.secheep.gob.ar\/?p=8316"},"modified":"2025-02-12T09:33:42","modified_gmt":"2025-02-12T12:33:42","slug":"alerta-por-incendios-rurales-que-danan-las-redes-electricas-2","status":"publish","type":"post","link":"https:\/\/www.secheep.gob.ar\/?p=8316","title":{"rendered":"Alerta por incendios rurales que da\u00f1an las redes el\u00e9ctricas"},"content":{"rendered":"<p>Ante la presencia de incendios en zonas rurales, SECHEEP reiteran alertas y advertencias a la comunidad sobre los peligros y el da\u00f1o que causan a las redes el\u00e9ctricas los focos \u00edgneos registrados en la provincia en las \u00faltimas jornadas. En ese marco, se hace una llamado a todos los chaque\u00f1os a evitar prender fuegos en \u00e1reas vulnerables y a denunciar este tipo de maniobras, las cu\u00e1les son mayoritariamente intencionales.<br \/>\nEn el marco de una ola de calor extrema, con temperaturas muy elevadas, los focos de fuego se registran en diferentes puntos del territorio chaque\u00f1o. \u201cEse fuego, muchas veces intencional, afecta a postes y l\u00edneas el\u00e9ctricas rurales, pero adem\u00e1s a transformadores de distribuci\u00f3n y en varios casos a redes de alta, media y baja tensi\u00f3n\u201d, se\u00f1al\u00f3 el vocal del Directorio de Secheep, Ariel Mu\u00f1oz.<br \/>\nUn reporte de la ma\u00f1ana de este martes 11 informa sobre m\u00e1s de 70 focos de incendios registrados a lo largo y ancho del territorio provincial. \u201cMuchos de esos incendios afectaron y afectan a las redes el\u00e9ctricas dejando sin suministros a muchas familias chaque\u00f1as\u201d, agreg\u00f3 Mu\u00f1oz.<br \/>\nS\u00f3lo en las \u00faltimas horas, producto de los incendios, los operarios de Secheep tuvieron que realizar trabajos en zonas rurales de Colonia Tacuar\u00ed, General D\u00f3novan, Margarita Bel\u00e9n, Makall\u00e9, Puerto Tirol, Campo Rosi, Lote 11 (La Tigra), Lote 6 (La Clotilde), General Pinedo, Colonia Baranda, La Leonesa, etc\u00e9tera.<br \/>\nLas cuadrillas de Secheep trabajaron, primero para brindar el servicio a las zonas afectadas, y luego para reparar la infraestructura da\u00f1ada por el fuego.<br \/>\nDesde Secheep se recuerda que, a lo largo de 2024, se registraron m\u00e1s de 400 postes quemados por incendios rurales, adem\u00e1s de kil\u00f3metros de l\u00edneas y transformadores da\u00f1ados. Este tipo de siniestro, adem\u00e1s de ocasionar p\u00e9rdidas millonarias en toda la red de energ\u00eda el\u00e9ctrica, afecta a cientos de usuarios.<br \/>\nEl fuego, en muchos casos intencional, genera m\u00faltiples da\u00f1os a la infraestructura el\u00e9ctrica, provoca cortes prolongados del suministro y representa un riesgo para la seguridad de los clientes y operarios.<\/p>\n<p><strong>*Evitar hacer fuego y denunciar los incendios*<br \/>\n<\/strong>Con el fin de frenar los incendios, Secheep solicita la colaboraci\u00f3n de la comunidad para evitar los incendios en zonas rurales.<br \/>\nLa mejor manera de evitar incendios es previniendo el encendido de fuegos, recodando que en el Chaco est\u00e1 prohibido realizar quemas.<br \/>\nEl fuego descontrolado, adem\u00e1s de destruir recursos naturales y poner en riesgo vidas. Ante la presencia de incendios, se puede colaborar llamando a los n\u00fameros de emergencia: 911 (Polic\u00eda), 100 (Bomberos) o 103 (Defensa Civil).<\/p>\n<p><img loading=\"lazy\" class=\"alignnone size-medium wp-image-8317\" src=\"https:\/\/www.secheep.gob.ar\/wp-content\/uploads\/2025\/02\/cuatro-300x227.png\" alt=\"\" width=\"300\" height=\"227\" \/> <img loading=\"lazy\" class=\"alignnone size-medium wp-image-8318\" src=\"https:\/\/www.secheep.gob.ar\/wp-content\/uploads\/2025\/02\/tresc-300x223.png\" alt=\"\" width=\"300\" height=\"223\" \/><\/p>\n<p><img loading=\"lazy\" class=\"alignnone size-medium wp-image-8319\" src=\"https:\/\/www.secheep.gob.ar\/wp-content\/uploads\/2025\/02\/dos-300x218.png\" alt=\"\" width=\"300\" height=\"218\" \/><\/p>\n<p>&nbsp;<\/p>\n","protected":false},"excerpt":{"rendered":"<p>Ante la presencia de incendios en zonas rurales, SECHEEP reiteran alertas y advertencias a la comunidad sobre los peligros y el da\u00f1o que causan a las redes el\u00e9ctricas los focos \u00edgneos registrados en la provincia en las \u00faltimas jornadas. En ese marco, se hace una llamado a todos los chaque\u00f1os a evitar prender fuegos en [&hellip;]<\/p>\n","protected":false},"author":4,"featured_media":8317,"comment_status":"open","ping_status":"open","sticky":false,"template":"","format":"standard","meta":{"_et_pb_use_builder":"","_et_pb_old_content":"","_et_gb_content_width":"","_joinchat":[]},"categories":[3],"tags":[],"_links":{"self":[{"href":"https:\/\/www.secheep.gob.ar\/index.php?rest_route=\/wp\/v2\/posts\/8316"}],"collection":[{"href":"https:\/\/www.secheep.gob.ar\/index.php?rest_route=\/wp\/v2\/posts"}],"about":[{"href":"https:\/\/www.secheep.gob.ar\/index.php?rest_route=\/wp\/v2\/types\/post"}],"author":[{"embeddable":true,"href":"https:\/\/www.secheep.gob.ar\/index.php?rest_route=\/wp\/v2\/users\/4"}],"replies":[{"embeddable":true,"href":"https:\/\/www.secheep.gob.ar\/index.php?rest_route=%2Fwp%2Fv2%2Fcomments&post=8316"}],"version-history":[{"count":1,"href":"https:\/\/www.secheep.gob.ar\/index.php?rest_route=\/wp\/v2\/posts\/8316\/revisions"}],"predecessor-version":[{"id":8322,"href":"https:\/\/www.secheep.gob.ar\/index.php?rest_route=\/wp\/v2\/posts\/8316\/revisions\/8322"}],"wp:featuredmedia":[{"embeddable":true,"href":"https:\/\/www.secheep.gob.ar\/index.php?rest_route=\/wp\/v2\/media\/8317"}],"wp:attachment":[{"href":"https:\/\/www.secheep.gob.ar\/index.php?rest_route=%2Fwp%2Fv2%2Fmedia&parent=8316"}],"wp:term":[{"taxonomy":"category","embeddable":true,"href":"https:\/\/www.secheep.gob.ar\/index.php?rest_route=%2Fwp%2Fv2%2Fcategories&post=8316"},{"taxonomy":"post_tag","embeddable":true,"href":"https:\/\/www.secheep.gob.ar\/index.php?rest_route=%2Fwp%2Fv2%2Ftags&post=8316"}],"curies":[{"name":"wp","href":"https:\/\/api.w.org\/{rel}","templated":true}]}}