{"id":8289,"date":"2025-02-05T13:38:19","date_gmt":"2025-02-05T16:38:19","guid":{"rendered":"https:\/\/www.secheep.gob.ar\/?p=8289"},"modified":"2025-02-05T13:39:55","modified_gmt":"2025-02-05T16:39:55","slug":"ola-de-calor-alerta-ante-la-elevada-demanda-energetica","status":"publish","type":"post","link":"https:\/\/www.secheep.gob.ar\/?p=8289","title":{"rendered":"Ola de calor: Secheep en alerta ante la elevada demanda energ\u00e9tica"},"content":{"rendered":"<p>En el marco de la ola de calor que azota a gran parte del pa\u00eds, el Centro de Operaciones de SECHEEP inform\u00f3 que, en el mediod\u00eda de este mi\u00e9rcoles 05\/02, los \u00edndices de demanda registrados por CAMMESA en el Sistema El\u00e9ctrico chaque\u00f1o son visiblemente superiores a los de las \u00faltimas jornadas \u2013 cerca del 4%.<br \/>\nEn ese marco, de la empresa energ\u00e9tica provincial se insta a la comunidad y se recuerda la importancia de realizar un uso racional y correcto del recurso el\u00e9ctrico, con el objetivo de atenuar disparos del consumo y minimizar el impacto en las redes energ\u00e9ticas.<br \/>\nEn las \u00faltimas horas, el Servicio Meteorol\u00f3gico Nacional (SMN) emiti\u00f3 un comunicado en donde declara el Alerta Naranja en varias provincias, debido a las temperaturas elevadas (con pron\u00f3sticos superiores a los 40\u00ba en el caso del Chaco).<br \/>\n\u201cSabemos que ante estos calores extremos, para la gente es una necesidad el uso de aires y ventiladores. Pero tambi\u00e9n, es indispensables que cuidemos el recurso el\u00e9ctrico, haciendo un uso correcto de esos aparatos y evitando, por ejemplo, tener prendidos los equipos en ambientes que no se usan, usar lo menos posible el lavarropas en horas de la siesta, etc\u00e9tera\u201d, se\u00f1al\u00f3 el presidente de Secheep, Jos\u00e9 Bistoletti.<br \/>\n\u201cSon momentos complejos, y el sistema el\u00e9ctrico en todo el pa\u00eds, afronta a\u00f1os de desinversi\u00f3n. Es por eso que le pedimos a la poblaci\u00f3n las disculpas del caso, por la situaci\u00f3n actual y solicitamos el acompa\u00f1amiento durante estos d\u00edas de calor extremo\u201d, agreg\u00f3.<\/p>\n<p><strong>La importancia del uso racional de energ\u00eda<br \/>\n<\/strong>Ante la ola de calor, desde Secheep se reitera a la comunidad la importancia de realizar un uso racional y correcto del recurso energ\u00e9tico, recordando algunos consejos de ahorro en momentos de elevada temperatura:<br \/>\n\u2611\ufe0f Poner el aire acondicionado en 24\u00ba y limpiar los filtros del aparato.<br \/>\n\u2611\ufe0f Mantener las persianas bajas (o colocar cortinas de black out) para evitar la entrada de luz y calor.<br \/>\n\u2611\ufe0f Cerrar las ventanas para impedir el ingreso de aire caliente del exterior.<br \/>\n\u2611\ufe0f Incorporar plantas, que act\u00faan como barrera t\u00e9rmica y bloquean los rayos solares.<br \/>\n\u2611\ufe0f Evitar el uso de electrodom\u00e9sticos que emiten calor, como el horno.<br \/>\n\u2611\ufe0f Optar por bombillas de LED, que consumen menos energ\u00eda y generan menos calor en los ambientes.<br \/>\nM\u00e1s recomendaciones para un uso eficiente de la energ\u00eda el\u00e9ctrica pueden encontrarse en las redes sociales y la p\u00e1gina web de la empresa: <a href=\"http:\/\/www.secheep.gob.ar\">www.secheep.gob.ar<\/a>.<\/p>\n<p><img loading=\"lazy\" class=\"alignnone size-medium wp-image-8290\" src=\"https:\/\/www.secheep.gob.ar\/wp-content\/uploads\/2025\/02\/hola-300x169.png\" alt=\"\" width=\"300\" height=\"169\" \/><\/p>\n<p>&nbsp;<\/p>\n<p>&nbsp;<\/p>\n","protected":false},"excerpt":{"rendered":"<p>En el marco de la ola de calor que azota a gran parte del pa\u00eds, el Centro de Operaciones de SECHEEP inform\u00f3 que, en el mediod\u00eda de este mi\u00e9rcoles 05\/02, los \u00edndices de demanda registrados por CAMMESA en el Sistema El\u00e9ctrico chaque\u00f1o son visiblemente superiores a los de las \u00faltimas jornadas \u2013 cerca del 4%. [&hellip;]<\/p>\n","protected":false},"author":4,"featured_media":8290,"comment_status":"open","ping_status":"open","sticky":false,"template":"","format":"standard","meta":{"_et_pb_use_builder":"","_et_pb_old_content":"","_et_gb_content_width":"","_joinchat":[]},"categories":[3],"tags":[],"_links":{"self":[{"href":"https:\/\/www.secheep.gob.ar\/index.php?rest_route=\/wp\/v2\/posts\/8289"}],"collection":[{"href":"https:\/\/www.secheep.gob.ar\/index.php?rest_route=\/wp\/v2\/posts"}],"about":[{"href":"https:\/\/www.secheep.gob.ar\/index.php?rest_route=\/wp\/v2\/types\/post"}],"author":[{"embeddable":true,"href":"https:\/\/www.secheep.gob.ar\/index.php?rest_route=\/wp\/v2\/users\/4"}],"replies":[{"embeddable":true,"href":"https:\/\/www.secheep.gob.ar\/index.php?rest_route=%2Fwp%2Fv2%2Fcomments&post=8289"}],"version-history":[{"count":2,"href":"https:\/\/www.secheep.gob.ar\/index.php?rest_route=\/wp\/v2\/posts\/8289\/revisions"}],"predecessor-version":[{"id":8292,"href":"https:\/\/www.secheep.gob.ar\/index.php?rest_route=\/wp\/v2\/posts\/8289\/revisions\/8292"}],"wp:featuredmedia":[{"embeddable":true,"href":"https:\/\/www.secheep.gob.ar\/index.php?rest_route=\/wp\/v2\/media\/8290"}],"wp:attachment":[{"href":"https:\/\/www.secheep.gob.ar\/index.php?rest_route=%2Fwp%2Fv2%2Fmedia&parent=8289"}],"wp:term":[{"taxonomy":"category","embeddable":true,"href":"https:\/\/www.secheep.gob.ar\/index.php?rest_route=%2Fwp%2Fv2%2Fcategories&post=8289"},{"taxonomy":"post_tag","embeddable":true,"href":"https:\/\/www.secheep.gob.ar\/index.php?rest_route=%2Fwp%2Fv2%2Ftags&post=8289"}],"curies":[{"name":"wp","href":"https:\/\/api.w.org\/{rel}","templated":true}]}}