{"id":8238,"date":"2025-02-04T19:24:18","date_gmt":"2025-02-04T22:24:18","guid":{"rendered":"https:\/\/www.secheep.gob.ar\/?p=8238"},"modified":"2025-02-04T19:27:33","modified_gmt":"2025-02-04T22:27:33","slug":"la-red-electrica-nacional-en-jaque-secheep-afronta-consecuencias-de-anos-de-desinversion","status":"publish","type":"post","link":"https:\/\/www.secheep.gob.ar\/?p=8238","title":{"rendered":"La red el\u00e9ctrica nacional en jaque: SECHEEP afronta la desinversi\u00f3n heredada"},"content":{"rendered":"<p>La ola de calor que ha azotado recientemente al pa\u00eds no solo ha puesto en jaque al Sistema Argentino Interconectado de energ\u00eda el\u00e9ctrica, sino que tambi\u00e9n ha evidenciado las deficiencias estructurales que afectan a la empresa chaque\u00f1a SECHEEP. En un contexto de colapsos y fallas en la red de alta tensi\u00f3n, la actual gesti\u00f3n de SECHEEP se enfrenta a un desaf\u00edo monumental, que subraya la falta de inversi\u00f3n y el abandono sistem\u00e1tico de la infraestructura el\u00e9ctrica en a\u00f1os anteriores.<br \/>\nDesde el inicio de la gesti\u00f3n, el Gobierno de Leandro Zdero ha puesto en marcha un plan de trabajo para mitigar las consecuencias de esta situaci\u00f3n cr\u00edtica. A trav\u00e9s de un esfuerzo conjunto, se han implementado medidas para fortalecer la infraestructura de SECHEEP, optimizar el servicio y dar respuesta a los problemas estructurales que afectan al sistema el\u00e9ctrico chaque\u00f1o. Si bien el proceso de recuperaci\u00f3n demanda tiempo y recursos, se avanza con acciones concretas para mejorar la calidad del servicio y garantizar el abastecimiento energ\u00e9tico.<br \/>\nEl presidente de SECHEEP, Jos\u00e9 Bistoletti, enfatiza la grave situaci\u00f3n en la que se encuentra la empresa, manifestando que \u201crecibimos la empresa sin un solo transformador para el verano. No tenemos. Se quema un transformador y no tenemos para ir a levantarlo.\u00bb Este testimonio no solo ilustra la precariedad de los recursos disponibles, sino que tambi\u00e9n pone de manifiesto los errores que dejaron a la provincia en una situaci\u00f3n cr\u00edtica, carente de las herramientas necesarias para enfrentar las exigencias de una creciente demanda el\u00e9ctrica.<br \/>\nLa falta de inversi\u00f3n en infraestructura el\u00e9ctrica a nivel provincial ha tenido consecuencias devastadoras no solo para la empresa, sino tambi\u00e9n para la comunidad chaque\u00f1a. \u00abLos costos que afectan a la gente tambi\u00e9n nos afectan como empresa, no nos es indiferente el aumento de la magnitud que se presenta\u00bb, agrega Bistoletti, reflejando as\u00ed la realidad de una compa\u00f1\u00eda atrapada entre la urgencia de responder a las necesidades de la poblaci\u00f3n y el peso de un legado de desinversi\u00f3n.<br \/>\nA pesar de las adversidades, SECHEEP ha intensificado su presencia operativa, multiplicando cuadrillas y recursos para mitigar las molestias ocasionadas por esta ola de calor. Sin embargo, el esfuerzo realizado a\u00fan se ve limitado por las carencias heredadas, que dificultan una respuesta eficiente ante eventos clim\u00e1ticos extremos.<\/p>\n<p><strong>La importancia del uso racional de energ\u00eda<\/strong><br \/>\nAnte la ola de calor, desde Secheep se reitera a la comunidad la importancia de realizar un uso racional y correcto del recurso energ\u00e9tico, recordando algunos consejos de ahorro en momentos de elevada temperatura:<br \/>\n\u2611\ufe0f Poner el aire acondicionado en 24\u00ba y limpiar los filtros del aparato.<br \/>\n\u2611\ufe0f Mantener las persianas bajas (o colocar cortinas de black out) para evitar la entrada de luz y calor.<br \/>\n\u2611\ufe0f Cerrar las ventanas para impedir el ingreso de aire caliente del exterior.<br \/>\n\u2611\ufe0f Incorporar plantas, que act\u00faan como barrera t\u00e9rmica y bloquean los rayos solares.<br \/>\n\u2611\ufe0f Evitar el uso de electrodom\u00e9sticos que emiten calor, como el horno.<br \/>\n\u2611\ufe0f Optar por bombillas de LED, que consumen menos energ\u00eda y generan menos calor en los ambientes.<br \/>\nM\u00e1s recomendaciones para un uso eficiente de la energ\u00eda el\u00e9ctrica pueden encontrarse en las redes sociales y la p\u00e1gina web de la empresa: www.secheep.gob.ar.<\/p>\n<p><strong>Prevenci\u00f3n de incendios rurales<\/strong><br \/>\nAnte los incendios rurales registrados en los \u00faltimos d\u00edas, Secheep solicita la colaboraci\u00f3n de la poblaci\u00f3n para evitar la propagaci\u00f3n de focos \u00edgneos. Estos incidentes no solo afectan el medio ambiente y ponen en riesgo la vida de las personas, sino que tambi\u00e9n causan da\u00f1os en la infraestructura el\u00e9ctrica, dejando sin suministro a miles de familias chaque\u00f1as.<br \/>\nPara reportar incendios, se recomienda comunicarse con las autoridades a trav\u00e9s de las siguientes l\u00edneas de emergencia:<br \/>\n\ud83d\udcde 911 (Polic\u00eda)<br \/>\n\ud83d\udcde 100 (Bomberos)<br \/>\n\ud83d\udcde 103 (Defensa Civil)<\/p>\n<p><img loading=\"lazy\" class=\"alignnone size-medium wp-image-8239\" src=\"https:\/\/www.secheep.gob.ar\/wp-content\/uploads\/2025\/02\/Hilario-300x202.png\" alt=\"\" width=\"300\" height=\"202\" \/><\/p>\n","protected":false},"excerpt":{"rendered":"<p>La ola de calor que ha azotado recientemente al pa\u00eds no solo ha puesto en jaque al Sistema Argentino Interconectado de energ\u00eda el\u00e9ctrica, sino que tambi\u00e9n ha evidenciado las deficiencias estructurales que afectan a la empresa chaque\u00f1a SECHEEP. En un contexto de colapsos y fallas en la red de alta tensi\u00f3n, la actual gesti\u00f3n de [&hellip;]<\/p>\n","protected":false},"author":4,"featured_media":8239,"comment_status":"open","ping_status":"open","sticky":false,"template":"","format":"standard","meta":{"_et_pb_use_builder":"","_et_pb_old_content":"","_et_gb_content_width":"","_joinchat":[]},"categories":[3],"tags":[],"_links":{"self":[{"href":"https:\/\/www.secheep.gob.ar\/index.php?rest_route=\/wp\/v2\/posts\/8238"}],"collection":[{"href":"https:\/\/www.secheep.gob.ar\/index.php?rest_route=\/wp\/v2\/posts"}],"about":[{"href":"https:\/\/www.secheep.gob.ar\/index.php?rest_route=\/wp\/v2\/types\/post"}],"author":[{"embeddable":true,"href":"https:\/\/www.secheep.gob.ar\/index.php?rest_route=\/wp\/v2\/users\/4"}],"replies":[{"embeddable":true,"href":"https:\/\/www.secheep.gob.ar\/index.php?rest_route=%2Fwp%2Fv2%2Fcomments&post=8238"}],"version-history":[{"count":5,"href":"https:\/\/www.secheep.gob.ar\/index.php?rest_route=\/wp\/v2\/posts\/8238\/revisions"}],"predecessor-version":[{"id":8244,"href":"https:\/\/www.secheep.gob.ar\/index.php?rest_route=\/wp\/v2\/posts\/8238\/revisions\/8244"}],"wp:featuredmedia":[{"embeddable":true,"href":"https:\/\/www.secheep.gob.ar\/index.php?rest_route=\/wp\/v2\/media\/8239"}],"wp:attachment":[{"href":"https:\/\/www.secheep.gob.ar\/index.php?rest_route=%2Fwp%2Fv2%2Fmedia&parent=8238"}],"wp:term":[{"taxonomy":"category","embeddable":true,"href":"https:\/\/www.secheep.gob.ar\/index.php?rest_route=%2Fwp%2Fv2%2Fcategories&post=8238"},{"taxonomy":"post_tag","embeddable":true,"href":"https:\/\/www.secheep.gob.ar\/index.php?rest_route=%2Fwp%2Fv2%2Ftags&post=8238"}],"curies":[{"name":"wp","href":"https:\/\/api.w.org\/{rel}","templated":true}]}}