{"id":8233,"date":"2025-02-03T19:27:59","date_gmt":"2025-02-03T22:27:59","guid":{"rendered":"https:\/\/www.secheep.gob.ar\/?p=8233"},"modified":"2025-02-03T19:27:59","modified_gmt":"2025-02-03T22:27:59","slug":"ola-de-calor-colapsos-en-la-red-de-alta-tension-en-el-centro-y-norte-del-pais","status":"publish","type":"post","link":"https:\/\/www.secheep.gob.ar\/?p=8233","title":{"rendered":"Ola de calor: colapsos en la red de alta tensi\u00f3n en el centro y norte del pa\u00eds"},"content":{"rendered":"<p>En el marco de una ola de calor extremo que azota a gran parte del pa\u00eds, en la siesta de este lunes 3, se registraron tres colapsos de la red de alta tensi\u00f3n en el Centro, Litoral, Nordeste y Noroeste Argentino, informados por CAMMESA (Compa\u00f1\u00eda Administradora del Mercado Mayorista El\u00e9ctrico SA). En el Chaco, una de las provincias donde ocurrieron los eventos, el impacto fue m\u00ednimo en cuanto a interrupciones del servicio, aunque hubo algunas \u00e1reas con registros de baja tensi\u00f3n en la red de distribuci\u00f3n, que se fueron restableciendo en forma paulatina.<!--more--><br \/>\nCon temperaturas superiores a los 40\u00ba en gran parte del territorio, se esperaba que la demanda energ\u00e9tica supere el r\u00e9cord hist\u00f3rico, aunque los tres colapsos registrados en las regiones Litoral, NEA y NOA, y otros que se dieron en el centro y otras zonas del pa\u00eds, impidieron superar el pico m\u00e1ximo nacional de 29.653 MW (del 1 de febrero de 2024).<br \/>\nDesde Secheep se inform\u00f3 que tanto el sistema el\u00e9ctrico vinculado al \u00e1rea metropolitana del Gran Resistencia (con alcance a la zona este de la provincia) como el del Interior Provincial no tuvieron interrupciones de consideraci\u00f3n, aunque si se sintieron las fluctuaciones de tensi\u00f3n en la red de distribuci\u00f3n.<br \/>\nLos tres colapsos, apenas afectaron algunas l\u00edneas en Villa \u00c1ngela Charata, La Escondida, S\u00e1enz Pe\u00f1a y Puente Libertad, y en Resistencia s\u00f3lo un distribuidor se vio afectado con un corte.<br \/>\n\u00abSi bien reci\u00e9n es lunes, y se espera que la ola de calor se mantenga durante toda la semana, debemos decir que el sistema provincial se vio m\u00ednimamente afectado por los colapsos de gran consideraci\u00f3n que afectaron a casi la mitad de las provincias del pa\u00eds\u00bb, se\u00f1al\u00f3 el presidente de Secheep, Jos\u00e9 Bistoletti.<br \/>\nEs importante se\u00f1alar que, ante los pron\u00f3sticos, desde SECHEEP hace varias semanas se activ\u00f3 el plan de contingencia programado para el verano en donde se intensific\u00f3 la presencia de cuadrillas y personal operativo en el servicio; adem\u00e1s del monitoreo permanente y constante de la situaci\u00f3n en las redes el\u00e9ctricas de la provincia.<br \/>\n\u00abYa en la primera ola de calor dispusimos m\u00e1s cuadrillas en todas las Gerencias y distritos, as\u00ed como personal t\u00e9cnico y operativo en los centros de operaciones que funcionan en Resistencia y Presidencia Roque S\u00e1enz Pe\u00f1a\u00bb, agreg\u00f3 Bistoletti.<br \/>\nEs importante recordar que las provincias con cortes de luz est\u00e1n alcanzadas por una alerta de calor extremo que lanz\u00f3 el Servicio Meteorol\u00f3gico Nacional (SMN), de nivel amarillo y naranja para el noreste, centro y noroeste del pa\u00eds. En el Chaco, los pron\u00f3sticos arrojan temperaturas cercanas a los 40 grados hasta la jornada del domingo 9, inclusive.<\/p>\n<p><strong>*Los tres colapsos<\/strong><br \/>\nEl primero de los colapsos de este lunes 3 de febrero se registr\u00f3 a las 14:13, con una p\u00e9rdida de demanda de 1300 megavatios (MW) en el Litoral, Nordeste y Noroeste, la cual se empieza a recuperar a las 14:20. En ese marco, personal la empresa TRANSNEA inform\u00f3 sobre una falla en una L\u00ednea 33kv, en Formosa, que ser\u00eda el motivo del evento, aunque tambi\u00e9n se\u00f1al\u00f3 que se registr\u00f3 la salida de servicio la l\u00ednea \u00abEmpedrado-Santa Catalina\u00bb, en Corrientes.<br \/>\nEl segundo de los colapsos, se produjo a las 14:41, con una reducci\u00f3n de demanda de 747 MW en el Nordeste Argentino. El sistema se empez\u00f3 a normalizar paulatinamente a las 15:13. Personal de Transnea\u00a0 inform\u00f3 que la perturbaci\u00f3n de tensi\u00f3n en la zona se dio por una apertura en una transformador de potencia en la red energ\u00e9tica de Formosa.<br \/>\nFinalmente, el tercer colapso se registr\u00f3 a las 15:46, generando una reducci\u00f3n de la demanda de 810 MW en el NEA mientras. La demanda se comenz\u00f3 a recuperar paulatinamente a las 15:55. Desde Transnea se inform\u00f3 que por el momento, se desconocen los motivos de la perturbaci\u00f3n de tensi\u00f3n en la regi\u00f3n.<\/p>\n<p>La importancia del uso racional de energ\u00eda<br \/>\nAnte la ola de calor, desde Secheep se insta a la comunidad a realizar un uso racional y correcto del recurso energ\u00e9tico, recordando algunos consejos de ahorro en momentos de elevada temperatura:<br \/>\n\u2611\ufe0f Poner el aire acondicionado en 24\u00ba y limpiar los filtros del aparato;<br \/>\n\u2611\ufe0f Mantener las persianas bajas (o colocar cortinas de black out) para que no entren la luz y el calor;<br \/>\n\u2611\ufe0f Cerrar las ventanas para evitar que el aire caliente del exterior ingrese e invada los ambientes.<br \/>\n\u2611\ufe0f Las plantas son una gran barrera para el calor y bloquean los rayos del sol.<br \/>\n\u2611\ufe0f Evitar usar electrodom\u00e9sticos que emanen calor como el horno.<br \/>\n\u2611\ufe0f Colocar bombillas de LED, ya que aparte de consumir menos, irradian menos calor en los ambientes.<br \/>\nM\u00e1s tips y consejos para un uso racional y correcto de la energ\u00eda el\u00e9ctrica se pueden ver tanto en las redes sociales como en la p\u00e1gina web de la empresa energ\u00e9tica: https:\/\/www.secheep.gob.ar\/?page_id=1525.<\/p>\n<p><img loading=\"lazy\" class=\"alignnone size-medium wp-image-8234\" src=\"https:\/\/www.secheep.gob.ar\/wp-content\/uploads\/2025\/02\/Sin-titulo-300x213.png\" alt=\"\" width=\"300\" height=\"213\" \/> <img loading=\"lazy\" class=\"alignnone size-medium wp-image-8235\" src=\"https:\/\/www.secheep.gob.ar\/wp-content\/uploads\/2025\/02\/institucional-300x188.jpg\" alt=\"\" width=\"300\" height=\"188\" \/><\/p>\n","protected":false},"excerpt":{"rendered":"<p>En el marco de una ola de calor extremo que azota a gran parte del pa\u00eds, en la siesta de este lunes 3, se registraron tres colapsos de la red de alta tensi\u00f3n en el Centro, Litoral, Nordeste y Noroeste Argentino, informados por CAMMESA (Compa\u00f1\u00eda Administradora del Mercado Mayorista El\u00e9ctrico SA). En el Chaco, una [&hellip;]<\/p>\n","protected":false},"author":4,"featured_media":8183,"comment_status":"open","ping_status":"open","sticky":false,"template":"","format":"standard","meta":{"_et_pb_use_builder":"","_et_pb_old_content":"","_et_gb_content_width":"","_joinchat":[]},"categories":[3],"tags":[],"_links":{"self":[{"href":"https:\/\/www.secheep.gob.ar\/index.php?rest_route=\/wp\/v2\/posts\/8233"}],"collection":[{"href":"https:\/\/www.secheep.gob.ar\/index.php?rest_route=\/wp\/v2\/posts"}],"about":[{"href":"https:\/\/www.secheep.gob.ar\/index.php?rest_route=\/wp\/v2\/types\/post"}],"author":[{"embeddable":true,"href":"https:\/\/www.secheep.gob.ar\/index.php?rest_route=\/wp\/v2\/users\/4"}],"replies":[{"embeddable":true,"href":"https:\/\/www.secheep.gob.ar\/index.php?rest_route=%2Fwp%2Fv2%2Fcomments&post=8233"}],"version-history":[{"count":1,"href":"https:\/\/www.secheep.gob.ar\/index.php?rest_route=\/wp\/v2\/posts\/8233\/revisions"}],"predecessor-version":[{"id":8236,"href":"https:\/\/www.secheep.gob.ar\/index.php?rest_route=\/wp\/v2\/posts\/8233\/revisions\/8236"}],"wp:featuredmedia":[{"embeddable":true,"href":"https:\/\/www.secheep.gob.ar\/index.php?rest_route=\/wp\/v2\/media\/8183"}],"wp:attachment":[{"href":"https:\/\/www.secheep.gob.ar\/index.php?rest_route=%2Fwp%2Fv2%2Fmedia&parent=8233"}],"wp:term":[{"taxonomy":"category","embeddable":true,"href":"https:\/\/www.secheep.gob.ar\/index.php?rest_route=%2Fwp%2Fv2%2Fcategories&post=8233"},{"taxonomy":"post_tag","embeddable":true,"href":"https:\/\/www.secheep.gob.ar\/index.php?rest_route=%2Fwp%2Fv2%2Ftags&post=8233"}],"curies":[{"name":"wp","href":"https:\/\/api.w.org\/{rel}","templated":true}]}}