{"id":8200,"date":"2025-01-30T20:07:23","date_gmt":"2025-01-30T23:07:23","guid":{"rendered":"https:\/\/www.secheep.gob.ar\/?p=8200"},"modified":"2025-01-30T21:04:38","modified_gmt":"2025-01-31T00:04:38","slug":"operativos-de-inscripcion-al-subsidio-en-san-bernardo-la-clotilde-y-la-tigra","status":"publish","type":"post","link":"https:\/\/www.secheep.gob.ar\/?p=8200","title":{"rendered":"Operativos de inscripci\u00f3n al subsidio en La Tigra, San Bernardo y La Clotilde"},"content":{"rendered":"<p>Con el firme objetivo de impulsar que m\u00e1s hogares chaque\u00f1os se adhieran al subsidio nacional a las facturas de luz, el Gobierno provincial avanza con los operativos de asesoramiento e inscripci\u00f3n a la subvenci\u00f3n para abaratar el costo de las boletas. En ese marco, este jueves 30, el equipo de trabajo conformado por Secheep y el Programa \u00d1achec estuvo en San Bernardo, La Clotilde y La Tigra, donde cientos de vecinos se acercaron para inscribirse y solicitar asesoramientos en cuestiones ligadas a las tarifas el\u00e9ctricas.<br \/>\n\u00abAlrededor de 2.000 personas se acercaron a consultar en las tres localidades\u00bb, se\u00f1al\u00f3 el vocal de Secheep, Germ\u00e1n Perelli, quien recorri\u00f3 los operativos realizados en ese sector del sudoeste provincial.<br \/>\nLos operativos se pusieron en marcha el pasado lunes 27 con un abordaje territorial en Villa \u00c1ngela que se repiti\u00f3 el martes 28 en la misma ciudad, y que el mi\u00e9rcoles 29 se hizo presente en Santa Sylvina y Coronel Du Graty.<br \/>\n\u00abEste jueves, en San Bernardo asistieron alrededor de mil vecinos, mientras que en la Clotilde y La Tigra hubo unas 500 y 600 personas, respectivamente\u00bb, destac\u00f3 Perelli, quien adem\u00e1s destac\u00f3 el trabajo del equipo del programa \u00d1achec del Ministerio de Desarrollo Humano de la provincia, as\u00ed como la asistencia de Ecom Chaco en los trabajos de conexiones.<br \/>\nCon el correr de los d\u00edas, las jornadas suman presencia de vecinos. \u00abDesde el lunes hasta este jueves, cada vez se suman m\u00e1s personas consultando. Este viernes el abordaje visitar\u00e1 Villa Berthet, Samuh\u00fa y Enrique Urien\u00bb, agreg\u00f3 Perelli.<br \/>\nLos operativos son impulsados por el Gobierno provincial para asesorar a las familias chaque\u00f1as sobre los pasos a seguir para adherirse al subsidio nacional a las facturas de luz. La iniciativa es realizada en forma conjunta por SECHEEP, el Ministerio de Desarrollo Humano a trav\u00e9s del Programa \u00d1achec y Ecom Chaco.<br \/>\nEl abordaje, que se lleva a cabo seg\u00fan un cronograma establecido semanalmente en toda la provincia, tienen como objetivo que m\u00e1s chaque\u00f1os se adhieran al subsidio nacional.<br \/>\nAdem\u00e1s, se brinda asesoramiento sobre \u00abDescuento Verano\u00bb, beneficio implementado por el Gobierno provincial para ayudar a mitigar el fuerte impacto de los aumentos nacional a la tarifa el\u00e9ctrica.<\/p>\n<p><strong>Cronograma: cierre de enero, inicio de febrero y qu\u00e9 papeles llevar<\/strong><br \/>\nLos operativos continuar\u00e1n este viernes 31 en tres municipios; y la semana que viene estar\u00e1 presente en siete localidades de la Regi\u00f3n Tres.<br \/>\nEl objetivo es colaborar con la inscripci\u00f3n al Registro de Acceso a los Subsidios Energ\u00e9ticos (RASE) del Gobierno Nacional. Para hacerlo, <em><strong>deben asistir con el DNI del titular de la factura, una factura de luz de Secheep y el CUIL de todos los integrantes del hogar.<\/strong><\/em><br \/>\nLos operativos, que comenzar\u00e1n continuar\u00e1n de la siguiente manera:<br \/>\n<strong>\u25aa\ufe0e Viernes 31\/01<\/strong><br \/>\n&#8211; Villa Berthet, de 08:00 a 11:00, en la EEP N\u00b0 79.<br \/>\n&#8211; Samuh\u00fa, de 16:30 a 19:30, en la EEP N\u00b0 74.<br \/>\n&#8211; Enrique Urien, de 16:30 a 19:30, en la EEP N\u00b0 23.<br \/>\n<strong>\u25aa\ufe0e S\u00e1bado 01\/02<\/strong><br \/>\n&#8211; Chorotis, de 08:00 a 11:00, en la EEP N\u00ba 481.<br \/>\n<strong>\u25aa\ufe0e Lunes 03\/02<\/strong><br \/>\n&#8211; Las Bre\u00f1as, de 08:00 a 12:00 y de 16:00 a 19:00, en la EEP N\u00ba 1004 \u00abVicente Reinaldo Cabrera\u00bb.<br \/>\n<strong>\u25aa\ufe0e Martes 04\/02<\/strong><br \/>\n&#8211; Corzuela, de 08:00 a 12:00, en la EEP N\u00ba 191 \u00abAlcides Calandrelli\u00bb.<br \/>\n&#8211; Hermoso Campo, de 16:00 a 19:30, en la EEP N\u00ba 863 \u00abCarlos Rivero\u00bb.<br \/>\n<strong>\u25aa\ufe0e Mi\u00e9rcoles 05\/02<\/strong><br \/>\n&#8211; Gancedo, de 08:00 a 12:00, en la EEP N\u00ba 40 \u00abCarlos Ivarguren\u00bb.<br \/>\n&#8211; General Pinedo, de 16:00 a 19:30, en el CIFF N\u00ba 28 \u00abH\u00e9ctor O. Piva\u00bb:<br \/>\n<strong>\u25aa\ufe0e Jueves 06\/02<\/strong><br \/>\n&#8211; Charata, de 08:30 a 11:30, en el Sal\u00f3n de Usos M\u00faltiples (SUM) del Paseo del Sol.<br \/>\n&#8211; General Capdevila, (en horario y lugar a definir).<\/p>\n<p><img loading=\"lazy\" class=\"alignnone size-medium wp-image-8201\" src=\"https:\/\/www.secheep.gob.ar\/wp-content\/uploads\/2025\/01\/44-300x169.png\" alt=\"\" width=\"300\" height=\"169\" \/> <img loading=\"lazy\" class=\"alignnone size-medium wp-image-8202\" src=\"https:\/\/www.secheep.gob.ar\/wp-content\/uploads\/2025\/01\/6-300x225.png\" alt=\"\" width=\"300\" height=\"225\" \/><\/p>\n<p><img loading=\"lazy\" class=\"alignnone size-medium wp-image-8203\" src=\"https:\/\/www.secheep.gob.ar\/wp-content\/uploads\/2025\/01\/555-300x181.png\" alt=\"\" width=\"300\" height=\"181\" \/> <img loading=\"lazy\" class=\"alignnone size-medium wp-image-8204\" src=\"https:\/\/www.secheep.gob.ar\/wp-content\/uploads\/2025\/01\/uno-6-300x198.png\" alt=\"\" width=\"300\" height=\"198\" \/><\/p>\n<p><img loading=\"lazy\" class=\"alignnone size-medium wp-image-8205\" src=\"https:\/\/www.secheep.gob.ar\/wp-content\/uploads\/2025\/01\/33-300x187.png\" alt=\"\" width=\"300\" height=\"187\" \/> <img loading=\"lazy\" class=\"alignnone size-medium wp-image-8206\" src=\"https:\/\/www.secheep.gob.ar\/wp-content\/uploads\/2025\/01\/22-300x225.png\" alt=\"\" width=\"300\" height=\"225\" \/><\/p>\n","protected":false},"excerpt":{"rendered":"<p>Con el firme objetivo de impulsar que m\u00e1s hogares chaque\u00f1os se adhieran al subsidio nacional a las facturas de luz, el Gobierno provincial avanza con los operativos de asesoramiento e inscripci\u00f3n a la subvenci\u00f3n para abaratar el costo de las boletas. En ese marco, este jueves 30, el equipo de trabajo conformado por Secheep y [&hellip;]<\/p>\n","protected":false},"author":4,"featured_media":8201,"comment_status":"open","ping_status":"open","sticky":false,"template":"","format":"standard","meta":{"_et_pb_use_builder":"","_et_pb_old_content":"","_et_gb_content_width":"","_joinchat":[]},"categories":[3],"tags":[],"_links":{"self":[{"href":"https:\/\/www.secheep.gob.ar\/index.php?rest_route=\/wp\/v2\/posts\/8200"}],"collection":[{"href":"https:\/\/www.secheep.gob.ar\/index.php?rest_route=\/wp\/v2\/posts"}],"about":[{"href":"https:\/\/www.secheep.gob.ar\/index.php?rest_route=\/wp\/v2\/types\/post"}],"author":[{"embeddable":true,"href":"https:\/\/www.secheep.gob.ar\/index.php?rest_route=\/wp\/v2\/users\/4"}],"replies":[{"embeddable":true,"href":"https:\/\/www.secheep.gob.ar\/index.php?rest_route=%2Fwp%2Fv2%2Fcomments&post=8200"}],"version-history":[{"count":5,"href":"https:\/\/www.secheep.gob.ar\/index.php?rest_route=\/wp\/v2\/posts\/8200\/revisions"}],"predecessor-version":[{"id":8219,"href":"https:\/\/www.secheep.gob.ar\/index.php?rest_route=\/wp\/v2\/posts\/8200\/revisions\/8219"}],"wp:featuredmedia":[{"embeddable":true,"href":"https:\/\/www.secheep.gob.ar\/index.php?rest_route=\/wp\/v2\/media\/8201"}],"wp:attachment":[{"href":"https:\/\/www.secheep.gob.ar\/index.php?rest_route=%2Fwp%2Fv2%2Fmedia&parent=8200"}],"wp:term":[{"taxonomy":"category","embeddable":true,"href":"https:\/\/www.secheep.gob.ar\/index.php?rest_route=%2Fwp%2Fv2%2Fcategories&post=8200"},{"taxonomy":"post_tag","embeddable":true,"href":"https:\/\/www.secheep.gob.ar\/index.php?rest_route=%2Fwp%2Fv2%2Ftags&post=8200"}],"curies":[{"name":"wp","href":"https:\/\/api.w.org\/{rel}","templated":true}]}}