{"id":8136,"date":"2025-01-16T22:10:54","date_gmt":"2025-01-17T01:10:54","guid":{"rendered":"https:\/\/www.secheep.gob.ar\/?p=8136"},"modified":"2025-01-16T22:11:42","modified_gmt":"2025-01-17T01:11:42","slug":"zdero-anuncio-mejoras-en-el-suministro-electrico-para-el-impenetrable","status":"publish","type":"post","link":"https:\/\/www.secheep.gob.ar\/?p=8136","title":{"rendered":"Zdero anunci\u00f3 mejoras en el suministro el\u00e9ctrico para El Impenetrable"},"content":{"rendered":"<p>Avanzando con acciones que permitan mejorar el servicio el\u00e9ctrico en toda la provincia, el gobernador Leandro Zdero constat\u00f3 hoy el trabajo de los generadores de energ\u00eda m\u00f3vil ubicados en Misi\u00f3n Nueva Pompeya, desde donde anunci\u00f3 la llegada y puesta en servicio de nuevos equipos que permitir\u00e1n incrementar la potencia energ\u00e9tica instalada en el lugar, que abastecen a m\u00e1s de 22.000 chaque\u00f1os de gran parte de El Impenetrable.<!--more--><\/p>\n<p>Acompa\u00f1ado de autoridades y trabajadores de SECHEEP, el gobernador Zdero adelant\u00f3 que \u201cen los pr\u00f3ximos d\u00edas llegar\u00e1n dos radiadores para mejorar el funcionamiento de los equipos generadores de energ\u00eda m\u00f3vil que actualmente, y debido a su antig\u00fcedad, ya no pueden trabajar al m\u00e1ximo de sus capacidades\u201d.<br \/>\nAdem\u00e1s, \u00abse instalar\u00e1n dos grupos electr\u00f3genos que servir\u00e1n de auxilio y reemplazo cada vez que los generadores sean sacados de la red para hacerles mantenimientos y reemplazar los componentes necesarios\u00bb, se\u00f1al\u00f3 tambi\u00e9n, por su parte, el presidente de Secheep, Jos\u00e9 Bistoletti.<br \/>\nEn un primer paso, el objetivo es obtener 6,2 megavatios de potencia energ\u00e9tica que permita abastecer a todas los habitantes de Misi\u00f3n Nueva Pompeya, como tambi\u00e9n a otras localidades como Wich\u00ed, Sauzal, Sauzalito, Fuerte Esperanza, Vizcacheral, Tartagal, Tres Pozos hasta Fort\u00edn Belgrano, adem\u00e1s de varios parajes.<br \/>\nEs importante agregar que, con una importante inversi\u00f3n, el Gobierno provincial proyect\u00f3 y planific\u00f3 a\u00fan m\u00e1s incremento de la potencia energ\u00e9tica en la zona, llegando a 8 MW a fines de 2025 y a 10 MW, en octubre de 2026.<\/p>\n<p><strong>Soluci\u00f3n a un panorama complejo<\/strong><br \/>\nHay que recordar que durante 2024, y sin previo aviso, la firma Aggreko retir\u00f3 equipos de generaci\u00f3n m\u00f3vil que funcionaban en el interior provincial, quitando al Chaco casi 30 megavatios de potencia.<br \/>\nTras esa cr\u00edtica situaci\u00f3n, el Gobierno provincial inici\u00f3 un proceso de licitaci\u00f3n hasta rubricar convenios con nuevas empresas proveedoras de unidades de generaci\u00f3n el\u00e9ctrica m\u00f3viles, que reemplazar\u00e1n a la firma prestataria que meses atr\u00e1s quit\u00f3 sus equipos en Juan Jos\u00e9 Castelli, Villa \u00c1ngela, S\u00e1enz Pe\u00f1a y Misi\u00f3n Nueva Pompeya.<br \/>\nDicha adjudicaci\u00f3n, permitir\u00e1 establecer y restablecer el mantenimiento de energ\u00eda el\u00e9ctrica, en el marco de acciones que en los pr\u00f3ximos a\u00f1os permitir\u00e1 afianzar un sistema energ\u00e9tico que permita mayor certidumbre a los chaque\u00f1os.<br \/>\nA partir de dichos acuerdos se prev\u00e9 dotar al sistema el\u00e9ctrico a trav\u00e9s de la UGEM (Unidad de Generaci\u00f3n El\u00e9ctrica M\u00f3vil), 50 MW en Presidencia Roque S\u00e1enz Pe\u00f1a, Villa \u00c1ngela y Juan Jos\u00e9 Castelli. Asimismo en Pompeya se restituir\u00e1n los 6,2 MW de la generaci\u00f3n aislada, donde la misma empresa dej\u00f3 de prestar el servicio. All\u00ed, adem\u00e1s, se proyecta una ampliaci\u00f3n del suministro a 8 MW en Octubre 2025 y 10 MW en Octubre 2026, previendo el incremento de la demanda en El Impenetrable.<\/p>\n<p><img loading=\"lazy\" class=\"alignnone size-medium wp-image-8137\" src=\"https:\/\/www.secheep.gob.ar\/wp-content\/uploads\/2025\/01\/tres-2-300x200.png\" alt=\"\" width=\"300\" height=\"200\" \/> <img loading=\"lazy\" class=\"alignnone size-medium wp-image-8138\" src=\"https:\/\/www.secheep.gob.ar\/wp-content\/uploads\/2025\/01\/dos-2-300x200.png\" alt=\"\" width=\"300\" height=\"200\" \/><\/p>\n<p><img loading=\"lazy\" class=\"alignnone size-medium wp-image-8139\" src=\"https:\/\/www.secheep.gob.ar\/wp-content\/uploads\/2025\/01\/uno-2-300x200.png\" alt=\"\" width=\"300\" height=\"200\" \/> <img loading=\"lazy\" class=\"alignnone size-medium wp-image-8140\" src=\"https:\/\/www.secheep.gob.ar\/wp-content\/uploads\/2025\/01\/cuatro-2-300x200.png\" alt=\"\" width=\"300\" height=\"200\" \/><\/p>\n<p><img loading=\"lazy\" class=\"alignnone size-medium wp-image-8141\" src=\"https:\/\/www.secheep.gob.ar\/wp-content\/uploads\/2025\/01\/cinco-2-300x200.png\" alt=\"\" width=\"300\" height=\"200\" \/><\/p>\n","protected":false},"excerpt":{"rendered":"<p>Avanzando con acciones que permitan mejorar el servicio el\u00e9ctrico en toda la provincia, el gobernador Leandro Zdero constat\u00f3 hoy el trabajo de los generadores de energ\u00eda m\u00f3vil ubicados en Misi\u00f3n Nueva Pompeya, desde donde anunci\u00f3 la llegada y puesta en servicio de nuevos equipos que permitir\u00e1n incrementar la potencia energ\u00e9tica instalada en el lugar, que [&hellip;]<\/p>\n","protected":false},"author":4,"featured_media":8137,"comment_status":"open","ping_status":"open","sticky":false,"template":"","format":"standard","meta":{"_et_pb_use_builder":"","_et_pb_old_content":"","_et_gb_content_width":"","_joinchat":[]},"categories":[3],"tags":[],"_links":{"self":[{"href":"https:\/\/www.secheep.gob.ar\/index.php?rest_route=\/wp\/v2\/posts\/8136"}],"collection":[{"href":"https:\/\/www.secheep.gob.ar\/index.php?rest_route=\/wp\/v2\/posts"}],"about":[{"href":"https:\/\/www.secheep.gob.ar\/index.php?rest_route=\/wp\/v2\/types\/post"}],"author":[{"embeddable":true,"href":"https:\/\/www.secheep.gob.ar\/index.php?rest_route=\/wp\/v2\/users\/4"}],"replies":[{"embeddable":true,"href":"https:\/\/www.secheep.gob.ar\/index.php?rest_route=%2Fwp%2Fv2%2Fcomments&post=8136"}],"version-history":[{"count":3,"href":"https:\/\/www.secheep.gob.ar\/index.php?rest_route=\/wp\/v2\/posts\/8136\/revisions"}],"predecessor-version":[{"id":8144,"href":"https:\/\/www.secheep.gob.ar\/index.php?rest_route=\/wp\/v2\/posts\/8136\/revisions\/8144"}],"wp:featuredmedia":[{"embeddable":true,"href":"https:\/\/www.secheep.gob.ar\/index.php?rest_route=\/wp\/v2\/media\/8137"}],"wp:attachment":[{"href":"https:\/\/www.secheep.gob.ar\/index.php?rest_route=%2Fwp%2Fv2%2Fmedia&parent=8136"}],"wp:term":[{"taxonomy":"category","embeddable":true,"href":"https:\/\/www.secheep.gob.ar\/index.php?rest_route=%2Fwp%2Fv2%2Fcategories&post=8136"},{"taxonomy":"post_tag","embeddable":true,"href":"https:\/\/www.secheep.gob.ar\/index.php?rest_route=%2Fwp%2Fv2%2Ftags&post=8136"}],"curies":[{"name":"wp","href":"https:\/\/api.w.org\/{rel}","templated":true}]}}