{"id":8124,"date":"2025-01-15T13:11:40","date_gmt":"2025-01-15T16:11:40","guid":{"rendered":"https:\/\/www.secheep.gob.ar\/?p=8124"},"modified":"2025-01-16T13:24:00","modified_gmt":"2025-01-16T16:24:00","slug":"tarifa-electrica-el-gobernador-anuncio-descuentos-de-verano-para-los-chaquenos","status":"publish","type":"post","link":"https:\/\/www.secheep.gob.ar\/?p=8124","title":{"rendered":"Tarifa El\u00e9ctrica: anuncian \u00abDescuentos de Verano\u00bb para los chaque\u00f1os"},"content":{"rendered":"<p>El gobernador Leandro Zdero anunci\u00f3 este mi\u00e9rcoles 15, importantes medidas para amortiguar el impacto de aumento en las facturas de luz, tras los incrementos establecidos por el Gobierno Nacional. Con un gran esfuerzo, realizado con recursos propios, el Ejecutivo provincial pone en marcha el \u201cDescuento de Verano\u201d en las boletas de los hogares y comercios chaque\u00f1os durante enero, febrero y marzo (los meses de mayor demanda). La iniciativa se suma al programa Chaco Subsidia.<!--more--><\/p>\n<p>Este \u201cDescuento de Verano\u201d, que forma parte del Programa de Contingencia El\u00e9ctrica, se implementar\u00e1 de la siguiente manera:<\/p>\n<p><strong>USUARIOS RESIDENCIALES<\/strong><\/p>\n<p>El Beneficio alcanza a los usuarios Residenciales N2 y N3 que no son alcanzados por el programa \u201cChaco Subsidia\u201d, ya que este \u00faltimo grupo ya vienen recibiendo un beneficio.<\/p>\n<p><strong><u>En qu\u00e9 consiste la ayuda:<\/u><\/strong><\/p>\n<p><strong>En las facturas de los periodos de los meses de verano de 2025, es decir de enero, febrero y marzo, EL GOBIERNO PROVINCIAL ABSORBER\u00c1 Y SE HAR\u00c1 CARGO DEL:<\/strong><\/p>\n<ul>\n<li>100% del costo del VAD (Valor Agregado de Distribuci\u00f3n), que es la parte de la factura que le corresponde a SECHEP, de los usuarios clasificados como N2 y N3, que consumen hasta 600 kW\/h por mes. <strong>Lo que en la factura ser\u00eda una reducci\u00f3n del 30% aproximadamente.<\/strong><\/li>\n<li>70% del costo del VAD (Valor Agregado de Distribuci\u00f3n), que es la parte de la factura que le corresponde a SECHEP, de los usuarios clasificados como N2 y N3, que consumen de 601 a 800 kW\/h por mes. <strong>Lo que en la factura ser\u00eda una reducci\u00f3n del 22% aproximadamente.<\/strong><\/li>\n<li>50% del costo del VAD (Valor Agregado de Distribuci\u00f3n), que es la parte de la factura que le corresponde a SECHEP, de los usuarios clasificados como N2 y N3, que consumen de 801 a 1000 kW\/h por mes. <strong>Lo que en la factura ser\u00eda una reducci\u00f3n del 15% aproximadamente.<\/strong><\/li>\n<\/ul>\n<p style=\"text-align: center;\"><strong>\u00a0<\/strong><em><strong>Esta ayuda alcanzar\u00eda a unos 87.115 usuarios se suman a los 72.986 que actualmente poseen el Programa Chaco Subsidia Energ\u00eda, dando de esta manera un total de 160.101 hogares o familias chaque\u00f1as que tendr\u00e1n bonificada su factura de energ\u00eda durante los meses de enero a marzo de 2025. Es decir, casi la mitad de todos los usuarios residenciales.<\/strong><\/em><\/p>\n<hr \/>\n<p><strong>USUARIOS COMERCIALES<\/strong><\/p>\n<p>Se consider\u00f3 \u00fanicamente a los usuarios categorizados como Comerciales particulares (28.242 usuarios en total), porque hay que recordar que los Usuarios clasificados como Industriales Peque\u00f1os ya poseen una bonificaci\u00f3n del 20% al 30%.<\/p>\n<p><strong><u>En qu\u00e9 consiste la ayuda:<\/u><\/strong><\/p>\n<p><strong>Durante los meses de verano de 2025, es decir Enero, Febrero y Marzo, EL GOBIERNO PROVINCIAL ABSORBER\u00c1 Y SE HAR\u00c1 CARGO DEL:<\/strong><\/p>\n<ul>\n<li>50% del costo del VAD (Valor Agregado de Distribuci\u00f3n), que es la parte de la factura que le corresponde a SECHEP, de los usuarios que consuman hasta 1.200 kW\/h, por mes. <strong>Lo que en la factura ser\u00eda una reducci\u00f3n del 14% aproximadamente.<\/strong><\/li>\n<\/ul>\n<p style=\"text-align: center;\"><em><strong>Esta ayuda alcanzar\u00eda a unos 19.863 usuarios comerciales, es decir al 70% de los comercios peque\u00f1os, aproximadamente.<\/strong><\/em><\/p>\n<hr \/>\n<p><strong>USUARIOS INDUSTRIALES<\/strong><\/p>\n<p>Es importante recordar, en el caso de los <strong>Usuarios Industriales Peque\u00f1os<\/strong>, dicho sector ya recibe un beneficio que establece un ahorro de entre 20 y 30% en sus tarifas, y en algunos casos incluso puede llegar hasta el 50%.<\/p>\n<p>En este caso, son cerca de 3.000 los usuarios denominados \u201cPeque\u00f1os Industriales\u201d.<\/p>\n<p>Asimismo, los <strong>Industriales Grandes<\/strong> tambi\u00e9n cuentan con beneficios a trav\u00e9s del r\u00e9gimen de Promoci\u00f3n Industrial que otorga el Gobierno de la Provincia.<\/p>\n<p>&nbsp;<\/p>\n<p><strong>\u201cA MENOR CONSUMO, MAYOR DESCUENTO\u201d<\/strong><\/p>\n<p>El \u201cDescuento de Verano\u201d anunciado hoy por el gobernador, forma parte del Programa de Contingencia Energ\u00e9tica, implementado por el Gobierno provincial con importantes acciones como:<\/p>\n<ul>\n<li>el uso racional de la energ\u00eda;<\/li>\n<li>el incentivo y fomento de inscripci\u00f3n al subsidio nacional;<\/li>\n<li>el corte del servicio a los \u201cenganchados\u201d, que no pagaban la luz;<\/li>\n<li>la ayuda de Chaco Subsidia;<\/li>\n<li>la suspensi\u00f3n de aumentos de tarifas de Secheep por 6 meses (anunciada la semana pasada); y<\/li>\n<li>la suspensi\u00f3n de la audiencia p\u00fablica.<\/li>\n<\/ul>\n<p>A todas esas medidas, se le suma ahora este descuento de verano \u201cque lo vamos a absorber todos los chaque\u00f1os\u201d, se\u00f1al\u00f3 Zdero, quien agreg\u00f3 que la medida \u201cbusca ayudar a los m\u00e1s vulnerables\u201d. En total, el Gobierno del Chaco destinar\u00e1 $6.383.483.925 por las facturas de los consumos de enero, febrero y marzo de 2025.<\/p>\n<p><strong>EL DESCUENTO SER\u00c1 AUTOM\u00c1TICO Y SIN NECESIDAD DE INSCRIBIRSE<\/strong><\/p>\n<p>Adem\u00e1s, el gobernador remarc\u00f3: \u201cEstamos comprometidos y ocupados en resolver los problemas de los chaque\u00f1os. En este sentido destac\u00f3 que la cantidad de beneficiarios superar\u00e1n los 87.000 hogares chaque\u00f1os, quienes se sumar\u00e1n a los m\u00e1s de 72.000 que actualmente ya poseen el programa Chaco Subsidia y para este Descuento de Verano, no ser\u00e1 necesario inscribirse en ninguna web, ni plataforma, porque ser\u00e1 autom\u00e1tico teniendo en cuenta a cada usuario\u201d, resalt\u00f3.<\/p>\n<p>Acompa\u00f1aron al titular del ejecutivo chaque\u00f1o, durante este anuncio en el Sal\u00f3n Obligado, la secretaria General de Gobierno, Carolina Meiri\u00f1o; el secretario Coordinador de Gabinete, Livio Guti\u00e9rrez; el ministro de Hacienda y Finanzas, Alejandro Abraam; el subsecretario Econ\u00f3mico Guillermo Ag\u00fcero; el presidente de Secheep, Jos\u00e9 Bistoletti; el vocal de la empresa energ\u00e9tica, Germ\u00e1n Perelli; y el diputado provincial Ivan G\u00ffoker.<\/p>\n<p><strong>INSISTEN A LOS USUARIOS PARA QUE SE REGISTREN EN EL SUBSIDIO NACIONAL <\/strong><br \/>\nPor \u00faltimo, las autoridades insistieron en solicitar el subsidio nacional a trav\u00e9s de la web: https:\/\/www.argentina.gob.ar\/subsidios o de la App Mi Argentina, los usuarios podr\u00e1n no solo empadronarse para solicitar el subsidio, sin que adem\u00e1s podr\u00e1n modificar y\/o actualizar datos, como cambio de direcci\u00f3n o medidor o modificaci\u00f3n de la situaci\u00f3n patrimonial o del hogar, etc\u00e9tera.<br \/>\nAl momento de ingresar la web: www.argentina.gob.ar\/subsidios o la App para completar el formulario, se debe tener a mano: el \u00faltimo ejemplar del DNI, el n\u00famero de CUIL personal y el de quienes conviven con el solicitante, una boleta de energ\u00eda el\u00e9ctrica, el dato de ingresos mensuales de bolsillo de cada persona que compone tu hogar, y una direcci\u00f3n de correo electr\u00f3nico.<\/p>\n<p><img loading=\"lazy\" class=\"alignnone size-medium wp-image-8125\" src=\"https:\/\/www.secheep.gob.ar\/wp-content\/uploads\/2025\/01\/portada-300x182.png\" alt=\"\" width=\"300\" height=\"182\" \/><\/p>\n<p><img loading=\"lazy\" class=\"alignnone size-medium wp-image-8129\" src=\"https:\/\/www.secheep.gob.ar\/wp-content\/uploads\/2025\/01\/uno-1-240x300.png\" alt=\"\" width=\"240\" height=\"300\" \/> <img loading=\"lazy\" class=\"alignnone size-medium wp-image-8130\" src=\"https:\/\/www.secheep.gob.ar\/wp-content\/uploads\/2025\/01\/dos-1-240x300.png\" alt=\"\" width=\"240\" height=\"300\" \/><\/p>\n<p><img loading=\"lazy\" class=\"alignnone size-medium wp-image-8131\" src=\"https:\/\/www.secheep.gob.ar\/wp-content\/uploads\/2025\/01\/tres-1-240x300.png\" alt=\"\" width=\"240\" height=\"300\" \/> <img loading=\"lazy\" class=\"alignnone size-medium wp-image-8132\" src=\"https:\/\/www.secheep.gob.ar\/wp-content\/uploads\/2025\/01\/cuatro-1-1-240x300.png\" alt=\"\" width=\"240\" height=\"300\" \/><\/p>\n<p><img loading=\"lazy\" class=\"alignnone size-medium wp-image-8133\" src=\"https:\/\/www.secheep.gob.ar\/wp-content\/uploads\/2025\/01\/cinco-1-240x300.png\" alt=\"\" width=\"240\" height=\"300\" \/><\/p>\n<p>&nbsp;<\/p>\n<p>&nbsp;<\/p>\n<p>&nbsp;<\/p>\n<p>&nbsp;<\/p>\n<p>&nbsp;<\/p>\n<p>&nbsp;<\/p>\n","protected":false},"excerpt":{"rendered":"<p>El gobernador Leandro Zdero anunci\u00f3 este mi\u00e9rcoles 15, importantes medidas para amortiguar el impacto de aumento en las facturas de luz, tras los incrementos establecidos por el Gobierno Nacional. Con un gran esfuerzo, realizado con recursos propios, el Ejecutivo provincial pone en marcha el \u201cDescuento de Verano\u201d en las boletas de los hogares y comercios [&hellip;]<\/p>\n","protected":false},"author":4,"featured_media":8125,"comment_status":"open","ping_status":"open","sticky":false,"template":"","format":"standard","meta":{"_et_pb_use_builder":"","_et_pb_old_content":"","_et_gb_content_width":"","_joinchat":[]},"categories":[3],"tags":[],"_links":{"self":[{"href":"https:\/\/www.secheep.gob.ar\/index.php?rest_route=\/wp\/v2\/posts\/8124"}],"collection":[{"href":"https:\/\/www.secheep.gob.ar\/index.php?rest_route=\/wp\/v2\/posts"}],"about":[{"href":"https:\/\/www.secheep.gob.ar\/index.php?rest_route=\/wp\/v2\/types\/post"}],"author":[{"embeddable":true,"href":"https:\/\/www.secheep.gob.ar\/index.php?rest_route=\/wp\/v2\/users\/4"}],"replies":[{"embeddable":true,"href":"https:\/\/www.secheep.gob.ar\/index.php?rest_route=%2Fwp%2Fv2%2Fcomments&post=8124"}],"version-history":[{"count":5,"href":"https:\/\/www.secheep.gob.ar\/index.php?rest_route=\/wp\/v2\/posts\/8124\/revisions"}],"predecessor-version":[{"id":8135,"href":"https:\/\/www.secheep.gob.ar\/index.php?rest_route=\/wp\/v2\/posts\/8124\/revisions\/8135"}],"wp:featuredmedia":[{"embeddable":true,"href":"https:\/\/www.secheep.gob.ar\/index.php?rest_route=\/wp\/v2\/media\/8125"}],"wp:attachment":[{"href":"https:\/\/www.secheep.gob.ar\/index.php?rest_route=%2Fwp%2Fv2%2Fmedia&parent=8124"}],"wp:term":[{"taxonomy":"category","embeddable":true,"href":"https:\/\/www.secheep.gob.ar\/index.php?rest_route=%2Fwp%2Fv2%2Fcategories&post=8124"},{"taxonomy":"post_tag","embeddable":true,"href":"https:\/\/www.secheep.gob.ar\/index.php?rest_route=%2Fwp%2Fv2%2Ftags&post=8124"}],"curies":[{"name":"wp","href":"https:\/\/api.w.org\/{rel}","templated":true}]}}