{"id":8064,"date":"2024-12-23T12:01:16","date_gmt":"2024-12-23T15:01:16","guid":{"rendered":"https:\/\/www.secheep.gob.ar\/?p=8064"},"modified":"2024-12-23T12:04:36","modified_gmt":"2024-12-23T15:04:36","slug":"el-gobernador-zdero-entrego-camionetas-para-reforzar-las-tareas-operativas","status":"publish","type":"post","link":"https:\/\/www.secheep.gob.ar\/?p=8064","title":{"rendered":"El Gobernador  entreg\u00f3 camionetas para reforzar las tareas operativas"},"content":{"rendered":"<p>El gobernador Leandro Zdero encabez\u00f3 este lunes 23, el acto de entrega de 11 camionetas 4&#215;4 destinadas a Secheep para ser distribuidas en las Gerencias Zonales y de Servicio con el objetivo de reforzar la prestaci\u00f3n del suministro el\u00e9ctrico en toda la provincia. Adem\u00e1s, junto a las autoridades de la empresa, dio inicio a la entrega de ropa de trabajo para todo el personal, que por primera vez en a\u00f1os se har\u00e1 efectivo a todos los empleados.<\/p>\n<p>\u201cQuiero acompa\u00f1ar este logro de la empresa Secheep y el trabajo que vienen realizando para ordenar nuestra empresa para hacerla mucho m\u00e1s eficiente de lo que es. En este sentido, necesitamos poner el esfuerzo todos juntos para brindar un servicio de calidad a los chaque\u00f1os\u201d, se\u00f1al\u00f3 el Gobernador, durante el acto realizado en la Plaza 25 de Mayo de Resistencia, en donde estuvo acompa\u00f1ado del presidente de Secheep, Jos\u00e9 Bistoletti; el vocal de la empresa, Germ\u00e1n Perelli; y el ministro de Infraestructura, Obras y Servicios P\u00fablicos, Hugo Dom\u00ednguez.<\/p>\n<p>En ese contexto, el jefe del Ejecutivo provincial valor\u00f3 el trabajo hecho por Secheep en lo que respecta al proceso de conexiones informales. \u201cQuiero agradecer por el gran esfuerzo de encarar este proceso de regularizaci\u00f3n de conexiones informales. Ya hemos superado las 5.000 en lo que va del a\u00f1o, se tratan de nuevos clientes que salen de la informalidad\u201d, mencion\u00f3 Zdero y asegur\u00f3: \u201cEstamos convencidos que los nuevos tiempos exigen m\u00e1s inversiones, e inversiones de calidad y sustentable, es por eso que necesitamos reforzar este trabajo, trabajo que se ver\u00e1 a largo y mediano plazo y que tiene que ver con mejor energ\u00eda para los chaque\u00f1os\u201d.<\/p>\n<p>Para finalizar, el Gobernador expres\u00f3 que hubo dificultades a lo largo de todo este 2024 y record\u00f3 la falta de acompa\u00f1amiento en la C\u00e1mara de Diputados por parte de la oposici\u00f3n. \u201cHemos tenido inconvenientes durante este a\u00f1o, inconvenientes para poder invertir por falta de acompa\u00f1amiento de cr\u00e9ditos que necesit\u00e1bamos en la Legislatura, pero hemos avanzado para sostener el sistema tal cual lo anunciamos la semana pasada para Presidencia Roque S\u00e1enz Pe\u00f1a, para Villa \u00c1ngela, para Castelli y que se puedan garantizar los megavatios, y de esa manera tambi\u00e9n avanzar en Misi\u00f3n Nueva Pompeya donde no tenemos el interconectado y comenzar a trabajar hasta llegar en 2026 con la posibilidad de los 10 megavatios necesarios para la demanda del Impenetrable Chaque\u00f1o\u201d, argument\u00f3.<\/p>\n<p>En la ocasi\u00f3n, con una inversi\u00f3n de casi 475 millones de pesos, se entregaron 11 camionetas Ford Ranger, tipo pickups 4&#215;4 de cabina doble que pasar\u00e1n a fortalecer el parque automotor de Secheep.<\/p>\n<p>Las unidades ser\u00e1n destinadas a las siguientes Gerencias: \u00c1rea Metropolitana (2 veh\u00edculos), de Servicios (2), Zona Centro-S\u00e1enz Pe\u00f1a (2), General San Mart\u00edn (1), Charata (1), Villa \u00c1ngela (1), Las Palmas (1) y Quitilipi (1).<br \/>\n\u00abLa incorporaci\u00f3n de estos veh\u00edculos es de vital importancia para seguir mejorando la prestaci\u00f3n del servicio. Es una primera adquisici\u00f3n de otras que tenemos programadas para 2025 y que forman parte de nuestro objetivo central que es el de recuperar la empresa para brindar a todos los chaque\u00f1os un servicio eficiente y de calidad\u00bb, se\u00f1al\u00f3 Bistoletti.<\/p>\n<p><strong>Entrega de ropa de trabajo para todo el personal<\/strong><br \/>\nDurante la jornada, el gobernador Zdero realiz\u00f3 una entrega de uniformes de trabajo para el personal de Secheep, acci\u00f3n que se replicar\u00e1 en todas las Gerencias y distritos de la empresa energ\u00e9tica.<\/p>\n<p>Por primera vez en a\u00f1os, la adquisici\u00f3n y entrega de la ropa de trabajo se realiza a todo el personal de la empresa, y no en forma parcial como se ven\u00eda realizando. Con una inversi\u00f3n superior a los 258 millones de pesos, la compra de uniformes abarca tanto al personal operativo y t\u00e9cnico como a los agentes administrativos.<\/p>\n<p><strong>El listado de la ropa de trabajo adquirida comprende:<\/strong><\/p>\n<p>* 1614 camisas de tela de grafa con detalles reflectivos y logos, destinadas al personal operativo.<br \/>\n* 1694 pantalones de tela de grafa con detalles reflectivos y logos, destinados al personal operativo.<br \/>\n* 1700 zapatos de seguridad con suelas de goma, con puntas de acero, personalizados para Secheep con logos y suelas de color distintivos.<br \/>\n* 360 pantalones de vestir (180 de invierno y 180 de verano) para el personal femenino del \u00e1rea administrativa.<br \/>\n* 360 camisas (blusas) para el personal femenino, distribuido en 180 modelos de verano y 180 de invierno.<br \/>\n* 360 sacos (180 de verano y 180 de invierno) para el personal femenino administrativo.<br \/>\n* 538 chombas de vestir para el personal masculino.<br \/>\n* 448 camisas (224 blancas y 224 celestes) con logos, para el personal masculino.<\/p>\n<p>\u00abEsta compra de ropa de trabajo, muy necesaria, representa un gran esfuerzo para la empresa SECHEEP, pero a su vez implica una gran satisfacci\u00f3n de poder brindarle las condiciones apropiadas a los trabajadores porque el recurso humano es clave para poder brindar a la sociedad un servicio el\u00e9ctrico de calidad y eficiente\u00bb, destac\u00f3 Bistoletti.<\/p>\n<p><strong>Secheep 2024: el inicio de la recuperaci\u00f3n de la empresa<\/strong><br \/>\nDurante el acto, el gobernador enumer\u00f3 algunos logros de Secheep a los largo de 2024, en donde el objetivo estuvo centrado en la recuperaci\u00f3n de la empresa.<br \/>\nEn ese aspecto, adem\u00e1s de las m\u00e1s de 50 obras y\/o trabajos ejecutados, se record\u00f3 la hist\u00f3rica incorporaci\u00f3n de la energ\u00eda fotovoltaica al Sistema Interconectado. Esto comenz\u00f3 con la incorporaci\u00f3n de 130 megavatios (MW) de potencia inyectados desde el parque Solar de SUM Green Energy en Pampa del Infierno; pero adem\u00e1s est\u00e1 en proceso de incorporaci\u00f3n la planta de solar de Villa \u00c1ngela (que cuenta con 103.000 paneles solares) y el parque ubicado en el departamento 12 de Octubre, entre General Pinedo y Charata, que beneficiar\u00e1 a unos 25.000 usuarios.<\/p>\n<p>Adem\u00e1s, a trav\u00e9s de la implementaci\u00f3n del Plan Tolerancia Cero a las Conexiones Irregulares, Secheep logr\u00f3 formalizaron a unos 5.000 suministros domiciliarios que estaban conectados en forma irregular.<\/p>\n<p>Asimismo, a trav\u00e9s del Plan de Recuperaci\u00f3n de la Red de Alumbrado P\u00fablico de Resistencia, lanzado en febrero por el Gobernador, se colocaron m\u00e1s de 10.000 luminarias de led en la ciudad.<\/p>\n<p>Tambi\u00e9n en 2024, Secheep comenz\u00f3 el proceso de digitalizaci\u00f3n de su facturaci\u00f3n, medida que beneficiar\u00e1 a m\u00e1s de 300.000 usuarios y que permitir\u00e1 una ahorro mensual superior a los 95 millones de pesos.<\/p>\n<p>Tambi\u00e9n se record\u00f3 que d\u00edas atr\u00e1s, Zdero encabez\u00f3 la firma de convenios con empresas proveedoras de unidades de generaci\u00f3n el\u00e9ctrica m\u00f3viles, para la instalaci\u00f3n de equipos en Juan Jos\u00e9 Castelli, Villa \u00c1ngela, S\u00e1enz Pe\u00f1a y Misi\u00f3n Nueva Pompeya.<\/p>\n<p>A partir de estos acuerdos se prev\u00e9 dotar al sistema el\u00e9ctrico a trav\u00e9s de la UGEM (Unidad de Generaci\u00f3n El\u00e9ctrica M\u00f3vil), 50 MW en S\u00e1enz Pe\u00f1a, Villa \u00c1ngela y Juan Jos\u00e9 Castelli. Asimismo en Pompeya se restituir\u00e1n los 6,2 MW de la generaci\u00f3n aislada, y luego se proyecta una ampliaci\u00f3n del suministro a 8 MW en Octubre 2025 y 10 MW en Octubre 2026, previendo el incremento de la demanda en El Impenetrable.<\/p>\n<p><img loading=\"lazy\" class=\"alignnone size-medium wp-image-8065\" src=\"https:\/\/www.secheep.gob.ar\/wp-content\/uploads\/2024\/12\/unio-300x242.png\" alt=\"\" width=\"300\" height=\"242\" \/> <img loading=\"lazy\" class=\"alignnone size-medium wp-image-8066\" src=\"https:\/\/www.secheep.gob.ar\/wp-content\/uploads\/2024\/12\/dos-bis-300x200.png\" alt=\"\" width=\"300\" height=\"200\" \/><\/p>\n<p><img loading=\"lazy\" class=\"alignnone size-medium wp-image-8067\" src=\"https:\/\/www.secheep.gob.ar\/wp-content\/uploads\/2024\/12\/ocho-bis-300x225.png\" alt=\"\" width=\"300\" height=\"225\" \/> <img loading=\"lazy\" class=\"alignnone size-medium wp-image-8068\" src=\"https:\/\/www.secheep.gob.ar\/wp-content\/uploads\/2024\/12\/11-bis-300x225.png\" alt=\"\" width=\"300\" height=\"225\" \/><\/p>\n<p><img loading=\"lazy\" class=\"alignnone size-medium wp-image-8069\" src=\"https:\/\/www.secheep.gob.ar\/wp-content\/uploads\/2024\/12\/12-bis-300x227.png\" alt=\"\" width=\"300\" height=\"227\" \/> <img loading=\"lazy\" class=\"alignnone size-medium wp-image-8070\" src=\"https:\/\/www.secheep.gob.ar\/wp-content\/uploads\/2024\/12\/cinco-bis-300x225.png\" alt=\"\" width=\"300\" height=\"225\" \/><\/p>\n<p><img loading=\"lazy\" class=\"alignnone size-medium wp-image-8071\" src=\"https:\/\/www.secheep.gob.ar\/wp-content\/uploads\/2024\/12\/cuatro-bis-300x207.png\" alt=\"\" width=\"300\" height=\"207\" \/> <img loading=\"lazy\" class=\"alignnone size-medium wp-image-8072\" src=\"https:\/\/www.secheep.gob.ar\/wp-content\/uploads\/2024\/12\/nueve-bis-300x202.png\" alt=\"\" width=\"300\" height=\"202\" \/><\/p>\n<p><img loading=\"lazy\" class=\"alignnone size-medium wp-image-8073\" src=\"https:\/\/www.secheep.gob.ar\/wp-content\/uploads\/2024\/12\/seis-bis-300x192.png\" alt=\"\" width=\"300\" height=\"192\" \/> <img loading=\"lazy\" class=\"alignnone size-medium wp-image-8074\" src=\"https:\/\/www.secheep.gob.ar\/wp-content\/uploads\/2024\/12\/siete-bis-300x135.png\" alt=\"\" width=\"300\" height=\"135\" \/><\/p>\n<p>&nbsp;<\/p>\n","protected":false},"excerpt":{"rendered":"<p>El gobernador Leandro Zdero encabez\u00f3 este lunes 23, el acto de entrega de 11 camionetas 4&#215;4 destinadas a Secheep para ser distribuidas en las Gerencias Zonales y de Servicio con el objetivo de reforzar la prestaci\u00f3n del suministro el\u00e9ctrico en toda la provincia. Adem\u00e1s, junto a las autoridades de la empresa, dio inicio a la [&hellip;]<\/p>\n","protected":false},"author":4,"featured_media":8065,"comment_status":"open","ping_status":"open","sticky":false,"template":"","format":"standard","meta":{"_et_pb_use_builder":"","_et_pb_old_content":"","_et_gb_content_width":"","_joinchat":[]},"categories":[3],"tags":[],"_links":{"self":[{"href":"https:\/\/www.secheep.gob.ar\/index.php?rest_route=\/wp\/v2\/posts\/8064"}],"collection":[{"href":"https:\/\/www.secheep.gob.ar\/index.php?rest_route=\/wp\/v2\/posts"}],"about":[{"href":"https:\/\/www.secheep.gob.ar\/index.php?rest_route=\/wp\/v2\/types\/post"}],"author":[{"embeddable":true,"href":"https:\/\/www.secheep.gob.ar\/index.php?rest_route=\/wp\/v2\/users\/4"}],"replies":[{"embeddable":true,"href":"https:\/\/www.secheep.gob.ar\/index.php?rest_route=%2Fwp%2Fv2%2Fcomments&post=8064"}],"version-history":[{"count":3,"href":"https:\/\/www.secheep.gob.ar\/index.php?rest_route=\/wp\/v2\/posts\/8064\/revisions"}],"predecessor-version":[{"id":8077,"href":"https:\/\/www.secheep.gob.ar\/index.php?rest_route=\/wp\/v2\/posts\/8064\/revisions\/8077"}],"wp:featuredmedia":[{"embeddable":true,"href":"https:\/\/www.secheep.gob.ar\/index.php?rest_route=\/wp\/v2\/media\/8065"}],"wp:attachment":[{"href":"https:\/\/www.secheep.gob.ar\/index.php?rest_route=%2Fwp%2Fv2%2Fmedia&parent=8064"}],"wp:term":[{"taxonomy":"category","embeddable":true,"href":"https:\/\/www.secheep.gob.ar\/index.php?rest_route=%2Fwp%2Fv2%2Fcategories&post=8064"},{"taxonomy":"post_tag","embeddable":true,"href":"https:\/\/www.secheep.gob.ar\/index.php?rest_route=%2Fwp%2Fv2%2Ftags&post=8064"}],"curies":[{"name":"wp","href":"https:\/\/api.w.org\/{rel}","templated":true}]}}