{"id":8053,"date":"2024-12-20T18:28:16","date_gmt":"2024-12-20T21:28:16","guid":{"rendered":"https:\/\/www.secheep.gob.ar\/?p=8053"},"modified":"2024-12-21T18:39:54","modified_gmt":"2024-12-21T21:39:54","slug":"energia-solar-secheep-y-msu-conectaran-otro-parque-al-sistema-interconectado","status":"publish","type":"post","link":"https:\/\/www.secheep.gob.ar\/?p=8053","title":{"rendered":"Energ\u00eda Solar: Secheep y MSU conectar\u00e1n otro parque a la red el\u00e9ctrica"},"content":{"rendered":"<p>Chaco avanza en la incorporaci\u00f3n y utilizaci\u00f3n de energ\u00edas renovables. En ese marco, Secheep rubric\u00f3 un nuevo convenio con la firma MSU Green Energy mediante el cual, esta \u00faltima proveer\u00e1, desde el parque Solar que se construye entre General Pinedo y Charata, 40 megavatios (MW) de potencia energ\u00e9tica al sistema el\u00e9ctrico interconectado chaque\u00f1o y nacional.<br \/>\nAdem\u00e1s de la conexi\u00f3n, prevista para los primeros meses de 2025, el acuerdo establece la ejecuci\u00f3n de obras de ampliaci\u00f3n de la infraestructura el\u00e9ctrica para permitir el ingreso y correcto funcionamiento de la energ\u00eda renovable que se incorporar\u00e1 al sistema el\u00e9ctrico a trav\u00e9s de las redes de Secheep.<br \/>\n\u00abImpulsado por el gobernador Leandro Zdero, se est\u00e1 dando un salto significativo en la utilizaci\u00f3n de energ\u00edas renovables en la provincia, lo cual permitir\u00e1 contar con un sistema energ\u00e9tico m\u00e1s fortalecido, para seguir avanzando hacia el objetivo que es brindar un servicio eficiente y de calidad a todos los chaque\u00f1os\u00bb, se\u00f1al\u00f3 el presidente de Secheep, Jos\u00e9 Bistoletti.<br \/>\nEl parque solar, ubicado en el departamento 12 de Octubre, entre Charata y General Pinedo, cuenta con 90,4 hect\u00e1reas y 66.900 paneles, para proveer progresivamente 40 MW de energ\u00eda fotovoltaica a la red el\u00e9ctrica.<br \/>\nLa conexi\u00f3n de la planta con las redes el\u00e9ctricas de Secheep se realizar\u00e1n a trav\u00e9s de la l\u00ednea de 33 kilovoltios (KV) denominada \u00abCharata-Hermoso Campo\u00bb, perteneciente a la empresa energ\u00e9tica chaque\u00f1a. Con ello, se podr\u00eda abastecer a unos 25.000 usuarios aproximadamente.<br \/>\nEl convenio fue firmado por Bistoletti en representaci\u00f3n de Secheep; y el gerente de Energ\u00edas Renovables de MSU, Juan Pablo Mart\u00ednez. Del acto de firma, participaron tambi\u00e9n el vocal del Directorio de Secheep, Germ\u00e1n Perelli; y el ingeniero Pedro Kozak.<\/p>\n<p><strong>Hist\u00f3rica inyecci\u00f3n de energ\u00eda fotovoltaica en la provincia<\/strong><br \/>\nEl convenio es el tercero que se concreta en 2024 para vincular parques solares al sistema interconectado chaque\u00f1o y nacional. Anteriormente, se logr\u00f3 la vinculaci\u00f3n de la planta ubicada en Pampa del Infierno, que permitir\u00e1 inyectar hasta 130 megavatios (MW) de potencia a la red de energ\u00eda el\u00e9ctrica.<br \/>\nPero adem\u00e1s, en poco tiempo se anexar\u00e1n otros proyectos como la planta solar de Villa \u00c1ngela donde se instalaron 103.000 paneles solares que permitir\u00e1 abastecer a 45.000 hogares.<br \/>\n\u00abActualmente, las energ\u00edas renovables tienen un rol fundamental y esencial en el desarrollo de modelos energ\u00e9ticos sostenibles en un mundo que necesita innovaci\u00f3n y el cuidado de los recursos naturales y del medioambiente\u00bb, destac\u00f3 Bistoletti.<\/p>\n<p><strong>Chaco, territorio propicio para el desarrollo de energ\u00eda solar<\/strong><br \/>\nLa generaci\u00f3n de energ\u00eda solar, en particular, representa una fuente de energ\u00eda limpia que puede ayudar a reducir la huella de carbono de la provincia y contribuir a los esfuerzos globales para combatir el cambio clim\u00e1tico.<br \/>\nAdem\u00e1s, la generaci\u00f3n de energ\u00eda cerca de la demanda minimiza las p\u00e9rdidas de transmisi\u00f3n y distribuci\u00f3n, lo que resulta en una mayor eficiencia energ\u00e9tica.<br \/>\nEn ese contexto, Chaco cuentas con las condiciones ideales para la generaci\u00f3n de energ\u00edas renovables dadas sus \u00f3ptimas condiciones geogr\u00e1ficas y clim\u00e1ticas. En ese marco, se espera que m\u00e1s inversiones de esta naturaleza se desarrollen en la provincia.<\/p>\n<p><img loading=\"lazy\" class=\"alignnone size-medium wp-image-8054\" src=\"https:\/\/www.secheep.gob.ar\/wp-content\/uploads\/2024\/12\/uno-3-300x210.png\" alt=\"\" width=\"300\" height=\"210\" \/> <img loading=\"lazy\" class=\"alignnone size-medium wp-image-8055\" src=\"https:\/\/www.secheep.gob.ar\/wp-content\/uploads\/2024\/12\/cinco-1-300x229.png\" alt=\"\" width=\"300\" height=\"229\" \/><\/p>\n<p><img loading=\"lazy\" class=\"alignnone size-medium wp-image-8058\" src=\"https:\/\/www.secheep.gob.ar\/wp-content\/uploads\/2024\/12\/tres-3-300x204.png\" alt=\"\" width=\"300\" height=\"204\" \/>\u00a0<img loading=\"lazy\" class=\"alignnone size-medium wp-image-8056\" src=\"https:\/\/www.secheep.gob.ar\/wp-content\/uploads\/2024\/12\/dos-4-300x266.png\" alt=\"\" width=\"300\" height=\"266\" \/> <img loading=\"lazy\" class=\"alignnone size-medium wp-image-8057\" src=\"https:\/\/www.secheep.gob.ar\/wp-content\/uploads\/2024\/12\/cuatro-2-300x230.png\" alt=\"\" width=\"300\" height=\"230\" \/><\/p>\n<p>&nbsp;<\/p>\n","protected":false},"excerpt":{"rendered":"<p>Chaco avanza en la incorporaci\u00f3n y utilizaci\u00f3n de energ\u00edas renovables. En ese marco, Secheep rubric\u00f3 un nuevo convenio con la firma MSU Green Energy mediante el cual, esta \u00faltima proveer\u00e1, desde el parque Solar que se construye entre General Pinedo y Charata, 40 megavatios (MW) de potencia energ\u00e9tica al sistema el\u00e9ctrico interconectado chaque\u00f1o y nacional. [&hellip;]<\/p>\n","protected":false},"author":4,"featured_media":8054,"comment_status":"open","ping_status":"open","sticky":false,"template":"","format":"standard","meta":{"_et_pb_use_builder":"","_et_pb_old_content":"","_et_gb_content_width":"","_joinchat":[]},"categories":[3],"tags":[],"_links":{"self":[{"href":"https:\/\/www.secheep.gob.ar\/index.php?rest_route=\/wp\/v2\/posts\/8053"}],"collection":[{"href":"https:\/\/www.secheep.gob.ar\/index.php?rest_route=\/wp\/v2\/posts"}],"about":[{"href":"https:\/\/www.secheep.gob.ar\/index.php?rest_route=\/wp\/v2\/types\/post"}],"author":[{"embeddable":true,"href":"https:\/\/www.secheep.gob.ar\/index.php?rest_route=\/wp\/v2\/users\/4"}],"replies":[{"embeddable":true,"href":"https:\/\/www.secheep.gob.ar\/index.php?rest_route=%2Fwp%2Fv2%2Fcomments&post=8053"}],"version-history":[{"count":2,"href":"https:\/\/www.secheep.gob.ar\/index.php?rest_route=\/wp\/v2\/posts\/8053\/revisions"}],"predecessor-version":[{"id":8060,"href":"https:\/\/www.secheep.gob.ar\/index.php?rest_route=\/wp\/v2\/posts\/8053\/revisions\/8060"}],"wp:featuredmedia":[{"embeddable":true,"href":"https:\/\/www.secheep.gob.ar\/index.php?rest_route=\/wp\/v2\/media\/8054"}],"wp:attachment":[{"href":"https:\/\/www.secheep.gob.ar\/index.php?rest_route=%2Fwp%2Fv2%2Fmedia&parent=8053"}],"wp:term":[{"taxonomy":"category","embeddable":true,"href":"https:\/\/www.secheep.gob.ar\/index.php?rest_route=%2Fwp%2Fv2%2Fcategories&post=8053"},{"taxonomy":"post_tag","embeddable":true,"href":"https:\/\/www.secheep.gob.ar\/index.php?rest_route=%2Fwp%2Fv2%2Ftags&post=8053"}],"curies":[{"name":"wp","href":"https:\/\/api.w.org\/{rel}","templated":true}]}}