{"id":8042,"date":"2024-12-19T10:26:20","date_gmt":"2024-12-19T13:26:20","guid":{"rendered":"https:\/\/www.secheep.gob.ar\/?p=8042"},"modified":"2024-12-23T12:04:51","modified_gmt":"2024-12-23T15:04:51","slug":"el-gobernador-habilito-obras-de-pavimento-y-alumbrado-en-villa-san-martin","status":"publish","type":"post","link":"https:\/\/www.secheep.gob.ar\/?p=8042","title":{"rendered":"El gobernador habilit\u00f3 obras de pavimento y alumbrado en Villa San Mart\u00edn"},"content":{"rendered":"<p>M\u00e1s conectividad vial e iluminaci\u00f3n en las calles de Resistencia. El gobernador Leandro Zdero encabez\u00f3 el acto de inauguraci\u00f3n de obras de pavimento urbano y alumbrado p\u00fablico en el barrio Villa San Mart\u00edn.<\/p>\n<p>\u201cCon esta obra se transforma la calidad de vida de la gente y es una alegr\u00eda haber concretado un sue\u00f1o de tantos a\u00f1os\u201d, dijo el mandatario provincial, quien estuvo acompa\u00f1ado del intendente de Resistencia, Roy Nikisch; el ministro de Infraestructura, Hugo Dom\u00ednguez y el administrador de la Direcci\u00f3n de Vialidad Provincial (DVP), Omar Canela; y el presidente de Secheep, Jos\u00e9 Bistoletti.<\/p>\n<p>La pavimentaci\u00f3n se ejecut\u00f3 sobre las calles Reggiardo, Alice Le Saige, Le\u00f3n Zorrilla, Gabardini y Stando. La obra comprendi\u00f3 la ejecuci\u00f3n de pavimento con cord\u00f3n integral, con los desag\u00fces pluviales correspondientes, tras la eliminaci\u00f3n de las cunetas existentes a cada lado de las calles pavimentadas. De esta forma, la obra logr\u00f3 mejorar la transitabilidad, tanto vehicular como peatonal as\u00ed como la integrando el sector con el entorno inmediato.<\/p>\n<p>Adem\u00e1s, Sechep ejecut\u00f3 la iluminaci\u00f3n de las nuevas cuadras pavimentadas, colocando jirafas cableado y luminarias de led con el objetivo de brindar una mejor luminosidad y mayor seguridad a los vecinos de la zona.<\/p>\n<p>El Gobernador explic\u00f3 el trabajo conjunto que se lleva adelante entre el Gobierno Provincial y Municipal para tomar la decisi\u00f3n de ejecutar las obras, que significa \u201ccumplir el sue\u00f1o y recuperar la confianza en la gente: esto es un antes y un despu\u00e9s\u201d, ratific\u00f3. \u201cPor eso, cuando prometemos cumplimos y lo vamos haciendo, en un momento dif\u00edcil y complejo para la provincia\u201d, enfatiz\u00f3 Zdero pero que a pesar de este contexto \u201chay expectativas hacia delante de que podemos vivir mejor\u201d, asegur\u00f3.<\/p>\n<p>En esta l\u00ednea, remarc\u00f3 que \u201ceste es el esfuerzo de que todo se pudo hacer poni\u00e9ndonos espalda con espalda, con esfuerzo de los chaque\u00f1os\u201d e inst\u00f3 a la comunidad a \u201cquerer y cuidar a nuestra ciudad, a nuestro Chaco\u201d, dijo. Repas\u00f3 las m\u00faltiples obras en materia de infraestructura vial, como las ejecutadas en avenida 25 de Mayo, el avance sobre avenida 9 de julio y asegur\u00f3 \u201chay mucho por hacer por Resistencia y nosotros estamos comprometidos y yo estoy dispuesto a rascar la olla\u201d, remarc\u00f3.<\/p>\n<p>Por \u00faltimo, tras desear felices fiestas, Zdero confirm\u00f3: \u201cRatifico el compromiso de un trabajo conjunto por todos los chaque\u00f1os y resistencianos. Es la ciudad que eleg\u00ed para vivir, y que amo profundamente porque la quiero ver linda la quiero ver con progreso, desarrollo. Que sea una ciudad linda, donde podamos sentirnos orgullosos de vivir en una capital como es la capital del Chaco. Hay muchas cosas por hacer, vamos a llegar a muchos barrios de la ciudad y estamos trabajado pero con los pies sobre la tierra. Lo que podemos hacer, hacemos y lo que no tambi\u00e9n se dice que no\u201d, finaliz\u00f3.<\/p>\n<p>A su turno, el intendente Nikisch expres\u00f3 su alegr\u00eda por inaugurar esta obra y agradeci\u00f3 al gobernador que \u201ctiene una mirada especial por Resistencia\u201d y que \u201ces una obra que se decidi\u00f3 y a pesar de que Zdero est\u00e1 con la caja flaca, pone esos pesos que hacen falta\u201d, dijo.<\/p>\n<p>Nikisch destac\u00f3 el trabajo conjunto con el Gobierno Provincial para cumplir con esta promesa de ejecutar el pavimento en esta zona de la ciudad \u201cque lo vamos a disfrutar todos\u201d. Por \u00faltimo, el intendente destac\u00f3 el compromiso del Gobernador que recorre cada rinc\u00f3n de la provincia, brindando respuestas a los vecinos<\/p>\n<p>Participaron la secretaria General de la Gobernaci\u00f3n, Carolina Meiri\u00f1o; el ministro de Gobierno, Justicia, Trabajo y Derechos Humanos, Jorge G\u00f3mez; y el diputado provincial, Carlos Salom, entre otros.<\/p>\n<p>&nbsp;<\/p>\n<p><strong>El agradecimiento de los vecinos<\/strong><\/p>\n<p>La vecina Elsa In\u00e9s Romero, agradeci\u00f3 estas cuadras inauguradas porque \u201cVilla San Mart\u00edn tiene m\u00e1s de 100 a\u00f1os, es uno de los m\u00e1s antiguos de Resistencia\u00a0 y ya no tendremos tanto polvo, ya no saltaremos las zanjas, tenemos el desag\u00fce pluvial tan anhelado\u201d dijo. \u201cEsto mejora el ambiente, la accesibilidad, nos da un crecimiento muy importante para todos en el barrio y en la sociedad\u201d, celebr\u00f3.<\/p>\n<p>Dirigi\u00e9ndose al gobernador, les agradeci\u00f3 \u201cpor haber tomado esta decisi\u00f3n, destinar presupuesto para estas obras tan necesarias\u201d, finaliz\u00f3.<\/p>\n<p>Otro de los vecinos, Jos\u00e9 Luis Massi celebr\u00f3: \u201csoy un agradecido a cada funcionario porque han puesto todo el personal y han trabajado para lograr esta obra\u201d.<\/p>\n<p><img loading=\"lazy\" class=\"alignnone size-medium wp-image-8043\" src=\"https:\/\/www.secheep.gob.ar\/wp-content\/uploads\/2024\/12\/uno-2-300x219.png\" alt=\"\" width=\"300\" height=\"219\" \/><\/p>\n<p><img loading=\"lazy\" class=\"alignnone size-medium wp-image-8044\" src=\"https:\/\/www.secheep.gob.ar\/wp-content\/uploads\/2024\/12\/dos-3-300x200.png\" alt=\"\" width=\"300\" height=\"200\" \/><\/p>\n<p><img loading=\"lazy\" class=\"alignnone size-medium wp-image-8045\" src=\"https:\/\/www.secheep.gob.ar\/wp-content\/uploads\/2024\/12\/cinco-300x185.png\" alt=\"\" width=\"300\" height=\"185\" \/><\/p>\n<p><img loading=\"lazy\" class=\"alignnone size-medium wp-image-8046\" src=\"https:\/\/www.secheep.gob.ar\/wp-content\/uploads\/2024\/12\/tres-2-300x200.png\" alt=\"\" width=\"300\" height=\"200\" \/><\/p>\n<p><img loading=\"lazy\" class=\"alignnone size-medium wp-image-8047\" src=\"https:\/\/www.secheep.gob.ar\/wp-content\/uploads\/2024\/12\/cuatro-1-300x200.png\" alt=\"\" width=\"300\" height=\"200\" \/><\/p>\n<p><img loading=\"lazy\" class=\"alignnone size-medium wp-image-8048\" src=\"https:\/\/www.secheep.gob.ar\/wp-content\/uploads\/2024\/12\/seis-300x209.png\" alt=\"\" width=\"300\" height=\"209\" \/><\/p>\n","protected":false},"excerpt":{"rendered":"<p>M\u00e1s conectividad vial e iluminaci\u00f3n en las calles de Resistencia. El gobernador Leandro Zdero encabez\u00f3 el acto de inauguraci\u00f3n de obras de pavimento urbano y alumbrado p\u00fablico en el barrio Villa San Mart\u00edn. \u201cCon esta obra se transforma la calidad de vida de la gente y es una alegr\u00eda haber concretado un sue\u00f1o de tantos [&hellip;]<\/p>\n","protected":false},"author":4,"featured_media":8043,"comment_status":"open","ping_status":"open","sticky":false,"template":"","format":"standard","meta":{"_et_pb_use_builder":"","_et_pb_old_content":"","_et_gb_content_width":"","_joinchat":[]},"categories":[3],"tags":[],"_links":{"self":[{"href":"https:\/\/www.secheep.gob.ar\/index.php?rest_route=\/wp\/v2\/posts\/8042"}],"collection":[{"href":"https:\/\/www.secheep.gob.ar\/index.php?rest_route=\/wp\/v2\/posts"}],"about":[{"href":"https:\/\/www.secheep.gob.ar\/index.php?rest_route=\/wp\/v2\/types\/post"}],"author":[{"embeddable":true,"href":"https:\/\/www.secheep.gob.ar\/index.php?rest_route=\/wp\/v2\/users\/4"}],"replies":[{"embeddable":true,"href":"https:\/\/www.secheep.gob.ar\/index.php?rest_route=%2Fwp%2Fv2%2Fcomments&post=8042"}],"version-history":[{"count":1,"href":"https:\/\/www.secheep.gob.ar\/index.php?rest_route=\/wp\/v2\/posts\/8042\/revisions"}],"predecessor-version":[{"id":8049,"href":"https:\/\/www.secheep.gob.ar\/index.php?rest_route=\/wp\/v2\/posts\/8042\/revisions\/8049"}],"wp:featuredmedia":[{"embeddable":true,"href":"https:\/\/www.secheep.gob.ar\/index.php?rest_route=\/wp\/v2\/media\/8043"}],"wp:attachment":[{"href":"https:\/\/www.secheep.gob.ar\/index.php?rest_route=%2Fwp%2Fv2%2Fmedia&parent=8042"}],"wp:term":[{"taxonomy":"category","embeddable":true,"href":"https:\/\/www.secheep.gob.ar\/index.php?rest_route=%2Fwp%2Fv2%2Fcategories&post=8042"},{"taxonomy":"post_tag","embeddable":true,"href":"https:\/\/www.secheep.gob.ar\/index.php?rest_route=%2Fwp%2Fv2%2Ftags&post=8042"}],"curies":[{"name":"wp","href":"https:\/\/api.w.org\/{rel}","templated":true}]}}