{"id":8032,"date":"2024-12-18T10:03:46","date_gmt":"2024-12-18T13:03:46","guid":{"rendered":"https:\/\/www.secheep.gob.ar\/?p=8032"},"modified":"2024-12-20T06:32:09","modified_gmt":"2024-12-20T09:32:09","slug":"emergencia-energetica-se-firmaron-los-convenios-para-contratar-generadores","status":"publish","type":"post","link":"https:\/\/www.secheep.gob.ar\/?p=8032","title":{"rendered":"Emergencia Energ\u00e9tica: se firmaron los convenios para la contrataci\u00f3n de generadores"},"content":{"rendered":"<p>[et_pb_section admin_label=\u00bbsection\u00bb]<br \/>\n\t\t\t[et_pb_row admin_label=\u00bbrow\u00bb]<br \/>\n\t\t\t\t[et_pb_column type=\u00bb4_4&#8243;][et_pb_text admin_label=\u00bbText\u00bb]En la jornada de este mi\u00e9rcoles 18, el gobernador, Leandro Zdero, encabez\u00f3 la firma de convenios con empresas proveedoras de unidades de generaci\u00f3n el\u00e9ctrica m\u00f3viles, que reemplazar\u00e1n a la firma prestataria que meses atr\u00e1s quit\u00f3 sus equipos en Juan Jos\u00e9 Castelli, Villa \u00c1ngela, S\u00e1enz Pe\u00f1a y Misi\u00f3n Nueva Pompeya.<\/p>\n<p>\u201cEsto viene a establecer y restablecer el mantenimiento de energ\u00eda el\u00e9ctrica, y con acciones que llevaremos durante los pr\u00f3ximos a\u00f1os afianzaremos un sistema energ\u00e9tico que nos permita mayor certidumbre a los chaque\u00f1os\u00bb, expres\u00f3 el gobernador.<\/p>\n<p>Participaron de la firma, el secretario de Coordinaci\u00f3n de Gabinete, Livio Gutierrez, el ministro de Infraestructura, Obras y Servicios P\u00fablicos del Chaco, Hugo Dom\u00ednguez, el ministro de la Producci\u00f3n, V\u00edctor Zimmermann, el presidente de Secheep, Jos\u00e9 Bistoletti y el subsecretario de Energ\u00eda, Joaqu\u00edn Sabadini.<\/p>\n<p>A partir de estos acuerdos se prev\u00e9 dotar al sistema el\u00e9ctrico a trav\u00e9s de la UGEM (Unidad de Generaci\u00f3n El\u00e9ctrica M\u00f3vil), 50 MW en Presidencia Roque S\u00e1enz Pe\u00f1a, Villa \u00c1ngela y Juan Jos\u00e9 Castelli. Asimismo en Pompeya se restituir\u00e1n los 6,2 MW de la generaci\u00f3n aislada, donde la misma empresa dej\u00f3 de prestar el servicio. All\u00ed, adem\u00e1s,se proyecta una ampliaci\u00f3n del suministro a 8 MW en Octubre 2025 y 10 MW en Octubre 2026, previendo el incremento de la demanda en El Impenetrable.<\/p>\n<p>En esa l\u00ednea, el ministro Dom\u00ednguez puso en valor el destacado plan del gobernador y la celeridad con la que actu\u00f3 su gabinete \u201cDesde principio de a\u00f1o, por definici\u00f3n del gobernador Leandro Zdero, llevamos adelante alternativas para dar soluci\u00f3n a este tema. Junto a SECHEEP, en este sentido quiero agradecer a los t\u00e9cnicos y al presidente de la empresa, estamos llevando adelante gestiones y acciones para garantizar un \u00f3ptimo abastecimiento de energ\u00eda distribuida de cara al pr\u00f3ximo verano en el territorio provincial\u201d.<\/p>\n<p>Los equipos brindar\u00e1n una provisi\u00f3n de 50 megavatios que permitir\u00e1 paliar la emergencia energ\u00e9tica. \u201cAnte la negativa del Cr\u00e9dito en la C\u00e1mara de Diputados, se tom\u00f3 la decisi\u00f3n de afrontar esta problem\u00e1tica con recursos propios, realizando un gran esfuerzo financiero, ya que entendemos que es prioridad garantizar la calidad de vida de todos los chaque\u00f1os\u201d, se\u00f1al\u00f3 el ministro Dom\u00ednguez.<\/p>\n<p><img loading=\"lazy\" class=\"alignnone size-medium wp-image-8033\" src=\"https:\/\/www.secheep.gob.ar\/wp-content\/uploads\/2024\/12\/dos-2-300x226.png\" alt=\"\" width=\"300\" height=\"226\" \/><\/p>\n<p><img loading=\"lazy\" class=\"alignnone size-medium wp-image-8035\" src=\"https:\/\/www.secheep.gob.ar\/wp-content\/uploads\/2024\/12\/uno-1-300x197.png\" alt=\"\" width=\"300\" height=\"197\" \/><\/p>\n<p><img loading=\"lazy\" class=\"alignnone size-medium wp-image-8037\" src=\"https:\/\/www.secheep.gob.ar\/wp-content\/uploads\/2024\/12\/cuatro-300x209.png\" alt=\"\" width=\"300\" height=\"209\" \/><\/p>\n<p><img loading=\"lazy\" class=\"alignnone size-medium wp-image-8038\" src=\"https:\/\/www.secheep.gob.ar\/wp-content\/uploads\/2024\/12\/tres-1-300x207.png\" alt=\"\" width=\"300\" height=\"207\" \/>[\/et_pb_text][\/et_pb_column]<br \/>\n\t\t\t[\/et_pb_row]<br \/>\n\t\t[\/et_pb_section]<\/p>\n","protected":false},"excerpt":{"rendered":"<p>En la jornada de este mi\u00e9rcoles 18, el gobernador, Leandro Zdero, encabez\u00f3 la firma de convenios con empresas proveedoras de unidades de generaci\u00f3n el\u00e9ctrica m\u00f3viles, que reemplazar\u00e1n a la firma prestataria que meses atr\u00e1s quit\u00f3 sus equipos en Juan Jos\u00e9 Castelli, Villa \u00c1ngela, S\u00e1enz Pe\u00f1a y Misi\u00f3n Nueva Pompeya. \u201cEsto viene a establecer y restablecer [&hellip;]<\/p>\n","protected":false},"author":4,"featured_media":8033,"comment_status":"open","ping_status":"open","sticky":false,"template":"","format":"standard","meta":{"_et_pb_use_builder":"on","_et_pb_old_content":"En la jornada de este mi\u00e9rcoles 18, el gobernador, Leandro Zdero, encabez\u00f3 la firma de convenios con empresas proveedoras de unidades de generaci\u00f3n el\u00e9ctrica m\u00f3viles, que reemplazar\u00e1n a la firma prestataria que meses atr\u00e1s quit\u00f3 sus equipos en Juan Jos\u00e9 Castelli, Villa \u00c1ngela, S\u00e1enz Pe\u00f1a y Misi\u00f3n Nueva Pompeya.\r\n\r\n\u201cEsto viene a establecer y restablecer el mantenimiento de energ\u00eda el\u00e9ctrica, y con acciones que llevaremos durante los pr\u00f3ximos a\u00f1os afianzaremos un sistema energ\u00e9tico que nos permita mayor certidumbre a los chaque\u00f1os\", expres\u00f3 el gobernador.\r\n\r\nParticiparon de la firma, el secretario de Coordinaci\u00f3n de Gabinete, Livio Gutierrez, el ministro de Infraestructura, Obras y Servicios P\u00fablicos del Chaco, Hugo Dom\u00ednguez, el ministro de la Producci\u00f3n, V\u00edctor Zimmermann, el presidente de Secheep, Jos\u00e9 Bistoletti y el subsecretario de Energ\u00eda, Joaqu\u00edn Sabadini.\r\n\r\nA partir de estos acuerdos se prev\u00e9 dotar al sistema el\u00e9ctrico a trav\u00e9s de la UGEM (Unidad de Generaci\u00f3n El\u00e9ctrica M\u00f3vil), 50 MW en Presidencia Roque S\u00e1enz Pe\u00f1a, Villa \u00c1ngela y Juan Jos\u00e9 Castelli. Asimismo en Pompeya se restituir\u00e1n los 6,2 MW de la generaci\u00f3n aislada, donde la misma empresa dej\u00f3 de prestar el servicio. All\u00ed, adem\u00e1s,se proyecta una ampliaci\u00f3n del suministro a 8 MW en Octubre 2025 y 10 MW en Octubre 2026, previendo el incremento de la demanda en El Impenetrable.\r\n\r\nEn esa l\u00ednea, el ministro Dom\u00ednguez puso en valor el destacado plan del gobernador y la celeridad con la que actu\u00f3 su gabinete \u201cDesde principio de a\u00f1o, por definici\u00f3n del gobernador Leandro Zdero, llevamos adelante alternativas para dar soluci\u00f3n a este tema. Junto a SECHEEP, en este sentido quiero agradecer a los t\u00e9cnicos y al presidente de la empresa, estamos llevando adelante gestiones y acciones para garantizar un \u00f3ptimo abastecimiento de energ\u00eda distribuida de cara al pr\u00f3ximo verano en el territorio provincial\u201d.\r\n\r\nLos equipos brindar\u00e1n una provisi\u00f3n de 50 megavatios que permitir\u00e1 paliar la emergencia energ\u00e9tica. \u201cAnte la negativa del Cr\u00e9dito en la C\u00e1mara de Diputados, se tom\u00f3 la decisi\u00f3n de afrontar esta problem\u00e1tica con recursos propios, realizando un gran esfuerzo financiero, ya que entendemos que es prioridad garantizar la calidad de vida de todos los chaque\u00f1os\u201d, se\u00f1al\u00f3 el ministro Dom\u00ednguez.\r\n\r\n<img class=\"alignnone size-medium wp-image-8033\" src=\"https:\/\/www.secheep.gob.ar\/wp-content\/uploads\/2024\/12\/dos-2-300x226.png\" alt=\"\" width=\"300\" height=\"226\" \/>\r\n\r\n<img class=\"alignnone size-medium wp-image-8035\" src=\"https:\/\/www.secheep.gob.ar\/wp-content\/uploads\/2024\/12\/uno-1-300x197.png\" alt=\"\" width=\"300\" height=\"197\" \/>\r\n\r\n<img class=\"alignnone size-medium wp-image-8037\" src=\"https:\/\/www.secheep.gob.ar\/wp-content\/uploads\/2024\/12\/cuatro-300x209.png\" alt=\"\" width=\"300\" height=\"209\" \/>\r\n\r\n<img class=\"alignnone size-medium wp-image-8038\" src=\"https:\/\/www.secheep.gob.ar\/wp-content\/uploads\/2024\/12\/tres-1-300x207.png\" alt=\"\" width=\"300\" height=\"207\" \/>","_et_gb_content_width":"","_joinchat":[]},"categories":[3],"tags":[],"_links":{"self":[{"href":"https:\/\/www.secheep.gob.ar\/index.php?rest_route=\/wp\/v2\/posts\/8032"}],"collection":[{"href":"https:\/\/www.secheep.gob.ar\/index.php?rest_route=\/wp\/v2\/posts"}],"about":[{"href":"https:\/\/www.secheep.gob.ar\/index.php?rest_route=\/wp\/v2\/types\/post"}],"author":[{"embeddable":true,"href":"https:\/\/www.secheep.gob.ar\/index.php?rest_route=\/wp\/v2\/users\/4"}],"replies":[{"embeddable":true,"href":"https:\/\/www.secheep.gob.ar\/index.php?rest_route=%2Fwp%2Fv2%2Fcomments&post=8032"}],"version-history":[{"count":5,"href":"https:\/\/www.secheep.gob.ar\/index.php?rest_route=\/wp\/v2\/posts\/8032\/revisions"}],"predecessor-version":[{"id":8041,"href":"https:\/\/www.secheep.gob.ar\/index.php?rest_route=\/wp\/v2\/posts\/8032\/revisions\/8041"}],"wp:featuredmedia":[{"embeddable":true,"href":"https:\/\/www.secheep.gob.ar\/index.php?rest_route=\/wp\/v2\/media\/8033"}],"wp:attachment":[{"href":"https:\/\/www.secheep.gob.ar\/index.php?rest_route=%2Fwp%2Fv2%2Fmedia&parent=8032"}],"wp:term":[{"taxonomy":"category","embeddable":true,"href":"https:\/\/www.secheep.gob.ar\/index.php?rest_route=%2Fwp%2Fv2%2Fcategories&post=8032"},{"taxonomy":"post_tag","embeddable":true,"href":"https:\/\/www.secheep.gob.ar\/index.php?rest_route=%2Fwp%2Fv2%2Ftags&post=8032"}],"curies":[{"name":"wp","href":"https:\/\/api.w.org\/{rel}","templated":true}]}}