{"id":7966,"date":"2024-11-15T11:11:31","date_gmt":"2024-11-15T14:11:31","guid":{"rendered":"https:\/\/www.secheep.gob.ar\/?p=7966"},"modified":"2024-11-15T11:15:11","modified_gmt":"2024-11-15T14:15:11","slug":"secheep-informo-a-concejales-sobre-los-avances-del-alumbrado-publico","status":"publish","type":"post","link":"https:\/\/www.secheep.gob.ar\/?p=7966","title":{"rendered":"Secheep dio detalles a concejales sobre avances del alumbrado p\u00fablico"},"content":{"rendered":"<p>A paso firme, SECHEEP avanza con el plan de recuperaci\u00f3n del alumbrado p\u00fablico de Resistencia. En ese contexto, autoridades de la empresa energ\u00e9tica mantuvieron una reuni\u00f3n con concejales, a quienes detallaron sobre los cientos de operativos llevados a cabo y que en s\u00f3lo 8 meses, ya permitieron la instalaci\u00f3n de m\u00e1s de 9.000 luces de led, la reposici\u00f3n de unos 18.000 metros de cables y la reparaci\u00f3n y\/o restituci\u00f3n de otros elementos y equipos de la red de luminarias de la capital chaque\u00f1a.<!--more--><\/p>\n<p>\u201cEn lo que va del a\u00f1o, ya invertimos m\u00e1s de 4.500 millones de pesos para recuperar el alumbrado p\u00fablico de Resistencia\u201d, se\u00f1al\u00f3 el presidente de Secheep, Jos\u00e9 Bistoletti, quien junto a los vocales de la empresa, Germ\u00e1n Perelli y Ariel Mu\u00f1oz; y el supervisor de los operativos, Diego Noguera; recibi\u00f3 a los concejales Alejandro Aradas, Anal\u00eda Ver\u00f3n, Ram\u00f3n Romero, Alejandra Acu\u00f1a, Javier Dumrauf y Miriam Jara, para informarles sobre los trabajos realizados en lo que va de gesti\u00f3n.<\/p>\n<p>El Plan de Recuperaci\u00f3n del Alumbrado P\u00fablico, anunciado por el gobernador Leandro Zdero, se puso en marcha en marzo de este a\u00f1o, en el marco de un trabajo de colaboraci\u00f3n con Secheep con el Municipio de Resistencia y con el compromiso asumido con la sociedad de volver a iluminar Resistencia.<\/p>\n<p>\u201cEstamos haciendo un esfuerzo enorme para iluminar Resistencia. El objetivo principal es devolver a la ciudad la red de alumbrado p\u00fablico abandonada durante muchos a\u00f1os y as\u00ed brindar seguridad y una mejor calidad de vida a toda la comunidad\u201d, agreg\u00f3 Bistoletti.<\/p>\n<p>&nbsp;<\/p>\n<p><strong>*Concejales destacaron los n\u00fameros positivos*<\/strong><\/p>\n<p>Durante la reuni\u00f3n, llevada a cabo en las oficinas de Secheep, la empresa energ\u00e9tica dio detalles de los resultados de los operativos, los cu\u00e1les fueron felicitados por los ediles. Desde marzo hasta octubre, se colocaron m\u00e1s de 9.000 luminarias de led, las cu\u00e1les est\u00e1n distribuidas en m\u00e1s de 260 zonas (barrios, avenidas, espacios p\u00fablicos, pasajes, accesos, sitios espec\u00edficos, organismos, etc\u00e9tera). Adem\u00e1s, en algunos casos se repararon l\u00e1mparas de sodio que fueron reutilizadas en lugares puntuales.<\/p>\n<p>Con una inversi\u00f3n superior a los 4.500 millones de pesos, adem\u00e1s de la instalaci\u00f3n de luminarias, se repuso m\u00e1s de 18.000 metros de cables y se colocaron otros elementos como fotoc\u00e9lulas, contactores, jirafas, postes, llaves, controles, etc\u00e9tera.<\/p>\n<p>Adem\u00e1s del reemplazo de luminarias, las tareas ejecutadas desde marzo a la fecha, abarcaron la reparaci\u00f3n, recuperaci\u00f3n y reposici\u00f3n de otros artefactos, as\u00ed como la normalizaci\u00f3n de zonas donde las luces estaban prendidas todo el d\u00eda, o a\u00fan peor encendidas de d\u00eda y apagadas de noche.<\/p>\n<p>Los trabajos llegaron a casi todos los barrios de Resistencia. Adem\u00e1s, entre otras intervenciones, se repuso todo el predio de la Bienal de las Esculturas, as\u00ed como los alrededores de establecimientos educativos y en la zona circundante al Ministerio de Educaci\u00f3n, garitas de colectivos, inmediaciones de clubes e instituciones deportivas y educativas. Adem\u00e1s, se puso en marcha el plan \u201ccorredor seguro\u201d que apunta a brindar iluminaci\u00f3n y seguridad en inmediaciones de la Universidad Nacional del Nordeste (Unne) y en zonas habituales de movimiento de estudiantes.<\/p>\n<p>&nbsp;<\/p>\n<p><strong>*Unir fuerzas contra el robo de cables y otros elementos*<\/strong><\/p>\n<p>Durante la reuni\u00f3n, Secheep tambi\u00e9n inform\u00f3 que el punto negativo en el plan de recuperaci\u00f3n del alumbrado es que, en algunos lugares, fue necesario intervenir en m\u00e1s de una ocasi\u00f3n debido al robo de artefactos y\/o cables u otros elementos.<\/p>\n<p>En esa l\u00ednea, se destac\u00f3 la importancia de que los vecinos colaboren para denunciar el robo de cables, luminarias y otros materiales de la red el\u00e9ctrica, que afectan la calidad del servicio.<\/p>\n<p>Si se observan personas en situaciones sospechosas manipulando cables y sin identificaci\u00f3n visible se pide advertirlas al tel\u00e9fono de la empresa 0800-7777-589 o al WhatsApp 364-4-377044. Si se trata de un delito consumado la recomendaci\u00f3n es denunciarlo a la polic\u00eda.<\/p>\n<p><img loading=\"lazy\" class=\"alignnone size-medium wp-image-7967\" src=\"https:\/\/www.secheep.gob.ar\/wp-content\/uploads\/2024\/11\/foto-uno-1-300x225.png\" alt=\"\" width=\"300\" height=\"225\" \/> <img loading=\"lazy\" class=\"alignnone size-medium wp-image-7968\" src=\"https:\/\/www.secheep.gob.ar\/wp-content\/uploads\/2024\/11\/foto-dos-2-300x225.png\" alt=\"\" width=\"300\" height=\"225\" \/><\/p>\n","protected":false},"excerpt":{"rendered":"<p>A paso firme, SECHEEP avanza con el plan de recuperaci\u00f3n del alumbrado p\u00fablico de Resistencia. En ese contexto, autoridades de la empresa energ\u00e9tica mantuvieron una reuni\u00f3n con concejales, a quienes detallaron sobre los cientos de operativos llevados a cabo y que en s\u00f3lo 8 meses, ya permitieron la instalaci\u00f3n de m\u00e1s de 9.000 luces de [&hellip;]<\/p>\n","protected":false},"author":4,"featured_media":7967,"comment_status":"open","ping_status":"open","sticky":false,"template":"","format":"standard","meta":{"_et_pb_use_builder":"","_et_pb_old_content":"","_et_gb_content_width":"","_joinchat":[]},"categories":[3],"tags":[],"_links":{"self":[{"href":"https:\/\/www.secheep.gob.ar\/index.php?rest_route=\/wp\/v2\/posts\/7966"}],"collection":[{"href":"https:\/\/www.secheep.gob.ar\/index.php?rest_route=\/wp\/v2\/posts"}],"about":[{"href":"https:\/\/www.secheep.gob.ar\/index.php?rest_route=\/wp\/v2\/types\/post"}],"author":[{"embeddable":true,"href":"https:\/\/www.secheep.gob.ar\/index.php?rest_route=\/wp\/v2\/users\/4"}],"replies":[{"embeddable":true,"href":"https:\/\/www.secheep.gob.ar\/index.php?rest_route=%2Fwp%2Fv2%2Fcomments&post=7966"}],"version-history":[{"count":3,"href":"https:\/\/www.secheep.gob.ar\/index.php?rest_route=\/wp\/v2\/posts\/7966\/revisions"}],"predecessor-version":[{"id":7971,"href":"https:\/\/www.secheep.gob.ar\/index.php?rest_route=\/wp\/v2\/posts\/7966\/revisions\/7971"}],"wp:featuredmedia":[{"embeddable":true,"href":"https:\/\/www.secheep.gob.ar\/index.php?rest_route=\/wp\/v2\/media\/7967"}],"wp:attachment":[{"href":"https:\/\/www.secheep.gob.ar\/index.php?rest_route=%2Fwp%2Fv2%2Fmedia&parent=7966"}],"wp:term":[{"taxonomy":"category","embeddable":true,"href":"https:\/\/www.secheep.gob.ar\/index.php?rest_route=%2Fwp%2Fv2%2Fcategories&post=7966"},{"taxonomy":"post_tag","embeddable":true,"href":"https:\/\/www.secheep.gob.ar\/index.php?rest_route=%2Fwp%2Fv2%2Ftags&post=7966"}],"curies":[{"name":"wp","href":"https:\/\/api.w.org\/{rel}","templated":true}]}}