{"id":7924,"date":"2024-10-29T19:19:36","date_gmt":"2024-10-29T22:19:36","guid":{"rendered":"https:\/\/www.secheep.gob.ar\/?p=7924"},"modified":"2024-10-30T19:22:34","modified_gmt":"2024-10-30T22:22:34","slug":"7924","status":"publish","type":"post","link":"https:\/\/www.secheep.gob.ar\/?p=7924","title":{"rendered":"La Regi\u00f3n Litoral avanz\u00f3 en pol\u00edticas conjuntas para impulsar el desarrollo"},"content":{"rendered":"<p>Representantes de Secheep participaron el martes 29 de octubre, del segundo encuentro de la Regi\u00f3n Litoral realizada en Corrientes, donde representantes de las provincias de Chaco, Santa Fe, Entre R\u00edos, Misiones y Formosa, junto a la anfitriona, debatieron sobre ejes estrat\u00e9gicos como la energ\u00eda y la hidrov\u00eda, claves para el crecimiento y la integraci\u00f3n regional.<\/p>\n<p>En esta reuni\u00f3n, se abordaron temas fundamentales para potenciar la competitividad, la sostenibilidad y la log\u00edstica en toda la regi\u00f3n.<\/p>\n<p>En representaci\u00f3n de la provincia del Chaco estuvieron: la subsecretaria de Trabajo, Noel Ibarra, como as\u00ed tambi\u00e9n varios funcionarios y especialistas en diferentes tem\u00e1ticas.<\/p>\n<p>En ENERGIA EL\u00c9CTRICA: En representaci\u00f3n de Secheep estuvieron el ingeniero Ariel Mu\u00f1oz (vocal del Directorio), el ingeniero Aldo Andr\u00e9s (Gerente de Servicios) y el ingeniero Pedro Kozak (Coordinaci\u00f3n del \u00e1rea t\u00e9cnica). Ellos formaron parte de una comitiva encabezada por el ingeniero Joaqu\u00edn Sabadini (subsecretario de Energ\u00eda y Servicios P\u00fablicos), el ingeniero Gabriel S\u00e1ez (director de Planificaci\u00f3n energ\u00e9tica), el ingeniero Guillermo Schreiber (director de Proyectos).<\/p>\n<p>En GAS: estuvieron el director de Ingenier\u00eda Gas\u00edfera, Esteban Lavia; el asesor t\u00e9cnico, Javier Tagiay Javier; dependientes de la Subsecretar\u00eda de Energ\u00eda y Servicios P\u00fablicos del Ministerio de Infraestructura obras y servicios p\u00fablicos.<\/p>\n<p>En HIDROV\u00cdA: estuvieron el ingeniero Horacio R. Bianchi (administrador del Puerto Las Palmas) y la arquitecta Sandra Torres.<\/p>\n<p>Durante la jornada, el gobernador de Corrientes y presidente pro-t\u00e9mpore de la Regi\u00f3n Litoral, Gustavo Vald\u00e9s, abri\u00f3 el encuentro destacando la importancia de trabajar de manera conjunta y se\u00f1al\u00f3: \u201cComo nunca antes estamos manifestando la voluntad de trabajar juntos. La respuesta a nuestras problem\u00e1ticas est\u00e1 en nosotros mismos, en dejar de competir entre provincias y unirnos como regi\u00f3n\u201d.<\/p>\n<p>Uno de los temas principales fue el desarrollo de la hidrov\u00eda Paran\u00e1-Paraguay, un eje que promete mejorar la conectividad de nuestras provincias y favorecer el comercio con Brasil y Paraguay\u201d.<\/p>\n<p>Adem\u00e1s, se discutieron estrategias para fortalecer la generaci\u00f3n de energ\u00eda renovable y mejorar las tarifas, promoviendo inversiones que respondan a las demandas energ\u00e9ticas de la regi\u00f3n. Las provincias del litoral, con sus recursos h\u00eddricos y solares, presentan un gran potencial para el desarrollo de energ\u00edas limpias y sostenibles.<\/p>\n<p>\u201cEste encuentro representa un paso m\u00e1s hacia la consolidaci\u00f3n de la Regi\u00f3n Litoral como un polo de federalismo y desarrollo, en el cual las provincias, mediante una visi\u00f3n com\u00fan, buscan construir un futuro m\u00e1s pr\u00f3spero para todos sus habitantes\u201d, concluy\u00f3 Vald\u00e9s.<\/p>\n<p>&nbsp;<\/p>\n<p><img loading=\"lazy\" class=\"alignnone size-medium wp-image-7925\" src=\"https:\/\/www.secheep.gob.ar\/wp-content\/uploads\/2024\/10\/LITORAL-png-300x148.png\" alt=\"\" width=\"300\" height=\"148\" \/><\/p>\n","protected":false},"excerpt":{"rendered":"<p>Representantes de Secheep participaron el martes 29 de octubre, del segundo encuentro de la Regi\u00f3n Litoral realizada en Corrientes, donde representantes de las provincias de Chaco, Santa Fe, Entre R\u00edos, Misiones y Formosa, junto a la anfitriona, debatieron sobre ejes estrat\u00e9gicos como la energ\u00eda y la hidrov\u00eda, claves para el crecimiento y la integraci\u00f3n regional. [&hellip;]<\/p>\n","protected":false},"author":4,"featured_media":7925,"comment_status":"open","ping_status":"open","sticky":false,"template":"","format":"standard","meta":{"_et_pb_use_builder":"","_et_pb_old_content":"","_et_gb_content_width":"","_joinchat":[]},"categories":[3],"tags":[],"_links":{"self":[{"href":"https:\/\/www.secheep.gob.ar\/index.php?rest_route=\/wp\/v2\/posts\/7924"}],"collection":[{"href":"https:\/\/www.secheep.gob.ar\/index.php?rest_route=\/wp\/v2\/posts"}],"about":[{"href":"https:\/\/www.secheep.gob.ar\/index.php?rest_route=\/wp\/v2\/types\/post"}],"author":[{"embeddable":true,"href":"https:\/\/www.secheep.gob.ar\/index.php?rest_route=\/wp\/v2\/users\/4"}],"replies":[{"embeddable":true,"href":"https:\/\/www.secheep.gob.ar\/index.php?rest_route=%2Fwp%2Fv2%2Fcomments&post=7924"}],"version-history":[{"count":3,"href":"https:\/\/www.secheep.gob.ar\/index.php?rest_route=\/wp\/v2\/posts\/7924\/revisions"}],"predecessor-version":[{"id":7928,"href":"https:\/\/www.secheep.gob.ar\/index.php?rest_route=\/wp\/v2\/posts\/7924\/revisions\/7928"}],"wp:featuredmedia":[{"embeddable":true,"href":"https:\/\/www.secheep.gob.ar\/index.php?rest_route=\/wp\/v2\/media\/7925"}],"wp:attachment":[{"href":"https:\/\/www.secheep.gob.ar\/index.php?rest_route=%2Fwp%2Fv2%2Fmedia&parent=7924"}],"wp:term":[{"taxonomy":"category","embeddable":true,"href":"https:\/\/www.secheep.gob.ar\/index.php?rest_route=%2Fwp%2Fv2%2Fcategories&post=7924"},{"taxonomy":"post_tag","embeddable":true,"href":"https:\/\/www.secheep.gob.ar\/index.php?rest_route=%2Fwp%2Fv2%2Ftags&post=7924"}],"curies":[{"name":"wp","href":"https:\/\/api.w.org\/{rel}","templated":true}]}}