{"id":7915,"date":"2024-10-30T12:19:41","date_gmt":"2024-10-30T15:19:41","guid":{"rendered":"https:\/\/www.secheep.gob.ar\/?p=7915"},"modified":"2024-10-30T18:27:45","modified_gmt":"2024-10-30T21:27:45","slug":"secheep-conmemora-51-anos-de-servicio-al-pueblo-del-chaco","status":"publish","type":"post","link":"https:\/\/www.secheep.gob.ar\/?p=7915","title":{"rendered":"Secheep, 51 a\u00f1os de un servicio esencial a todo el pueblo del Chaco"},"content":{"rendered":"<p>Este 30 de octubre de 2024 se conmemora el 51\u00ba aniversario de la creaci\u00f3n de SECHEEP, la empresa de servicios energ\u00e9ticos de la provincia que tiene como principal objetivo garantizar la distribuci\u00f3n del suministro el\u00e9ctrico de todos los chaque\u00f1os. En ese marco, la actualidad la encuentra ante el enorme desaf\u00edo de afrontar una emergencia energ\u00e9tica acumulada desde hace varios a\u00f1os, para la cual todos los actores (funcionarios, directivos y trabajadores) se encuentran multiplicando esfuerzos para elevar la calidad de la prestaci\u00f3n del servicio en cada rinc\u00f3n del Chaco y que la compa\u00f1\u00eda vuelva a ser un orgullo para toda la provincia.<\/p>\n<p>\u201cEste aniversario nos encuentra en un contexto hist\u00f3rico complicado, pero de a poco vamos saliendo adelante\u201d, se\u00f1al\u00f3 el presidente de Secheep, Jos\u00e9 Hilario Bistoletti. En las \u00faltimas horas, el Gobierno provincial concret\u00f3 el acto de licitaci\u00f3n p\u00fablica para la contrataci\u00f3n de grupos generadores para la red el\u00e9ctrica del interior provincial, y se estima que los mismos estar\u00e1n en funcionamiento en los pr\u00f3ximos 45 d\u00edas.<\/p>\n<p>\u201cEn solo 10 meses, estamos resolviendo problemas que durante 16 a\u00f1os no se abordaron. Los generadores vienen a suplir los 45 megavatios que la empresa Aggreko se llev\u00f3 del interior provincial, dejando un d\u00e9ficit en materia de provisi\u00f3n a todo el sistema y poniendo en evidencia la ausencia de inversiones en obras que hubo en los \u00faltimos a\u00f1os\u201d, destac\u00f3 Bistoletti.<\/p>\n<p>Actualmente, Secheep tiene 430.000 clientes en toda la provincia, de los cu\u00e1les poco m\u00e1s de 42% son del \u00e1rea metropolitana del Gran Resistencia, donde se est\u00e1 llevando a cabo una lucha para eliminar las conexiones irregulares y clandestinas; adem\u00e1s de un abordaje para recuperar la red de alumbrado p\u00fablico.<\/p>\n<p>Asimismo, se trabaja en otros frentes, entre ellos la puesta en servicio de un segundo mega transformador de potencia de 300 MVA que desde 2017 se encuentra sin entrar en servicio en la Estaci\u00f3n Transformadora \u201cChaco\u201d, en las afueras de Presidencia Roque S\u00e1enz Pe\u00f1a, y que permitir\u00eda aliviar todo el funcionamiento de la red en momentos de elevada demanda. \u201cEn pocos meses hemos logrado avanzar m\u00e1s que en los siete a\u00f1os anteriores y esperamos que el equipo est\u00e9 funcionando en los primeros meses de 2025\u201d, agreg\u00f3 Bistoletti.<\/p>\n<p>Adem\u00e1s, siguiendo los lineamientos del gobernador Leandro Zdero, se da un impulso a la generaci\u00f3n de energ\u00eda fotovoltaica. Ya se habilit\u00f3 un parque solar en Pampa del Infierno y se trabaja en otros similares Villa \u00c1ngela, S\u00e1enz Pe\u00f1a y General Pinedo.<\/p>\n<p>Tambi\u00e9n en materia financiera la situaci\u00f3n es compleja. La pol\u00edtica del Gobierno nacional en materia energ\u00e9tica implic\u00f3 una brutal quita de subsidio y un salto en los precios de la energ\u00eda mayorista que afectan a todas las familias chaque\u00f1as, con tarifas elevadas que se ven reflejadas en las facturas de luz y que es ajeno a Secheep. Asimismo, es necesario recordar que la actual administraci\u00f3n provincial, hered\u00f3 el pago de deudas por 300.000 millones de pesos con Cammesa.<\/p>\n<p>Asimismo, es importante se\u00f1alar que Secheep viene desarrollando diferentes estrategias y campa\u00f1as que beneficien a la poblaci\u00f3n en general, impulsando el ahorro energ\u00e9tico, el consumo responsable de los recursos, el uso de energ\u00edas limpias y renovables y programas educativos e informativos que tengan relevancia para la comunidad.<\/p>\n<p>\u201cAntes, en 2007, Secheep era un ejemplo para todo el pa\u00eds: cancelaba sus deudas en tiempo y forma, abastec\u00eda sus almacenes y realizaba las obras de infraestructura necesarias para satisfacer la demanda de toda la provincia\u201d, record\u00f3 Bistoletti. En esa l\u00ednea se\u00f1al\u00f3: \u201cEl gran objetivo en este aniversario, es recuperar la empresa para todos los chaque\u00f1os, y poder brindar a toda la sociedad un servicio eficiente y de calidad como se merecen el sector industrial y comercial, y todas y cada una de las familias chaque\u00f1as\u201d, finaliz\u00f3.<\/p>\n<p>&nbsp;<\/p>\n<p>La creaci\u00f3n de Secheep<\/p>\n<p>Secheep fue creada el 30 de octubre de 1973, mediante la Ley N\u00ba 1.307, absorbiendo a la ex Direcci\u00f3n\u00a0 General de Energ\u00eda del Chaco E.E.P), haciendo cargo en forma inmediata de la prestaci\u00f3n del suministro el\u00e9ctrico en gran parte del interior provincial y en forma paulatina la responsabilidad de brindar el servicio que ten\u00edan cooperativas de diversas poblaciones.<\/p>\n<p>Nueve a\u00f1os m\u00e1s tarde, en 1 de junio de 1982, se produce la transferencia de los servicios de Agua y Energ\u00eda (AyE) \u2013 un ente nacional \u2013 a la \u00f3rbita provincial, con lo cual el suministro de energ\u00eda el\u00e9ctrica del \u00e1rea metropolitana del Gran Resistencia pasan a depender de Secheep, quien adem\u00e1s recibe todos los bienes e instalaciones.<\/p>\n<p>Desde su creaci\u00f3n, se estipul\u00f3 que Secheep tendr\u00eda a su cargo:<\/p>\n<ul>\n<li>La explotaci\u00f3n y administraci\u00f3n de centrales el\u00e9ctricas, medios de transmisi\u00f3n, estaciones transformadoras y redes de distribuci\u00f3n.<\/li>\n<li>El suministro el\u00e9ctrico a los usuarios y redes de alumbrado p\u00fablico.<\/li>\n<li>La compra\/venta de energ\u00eda en barra.<\/li>\n<li>La realizaci\u00f3n de estudios, proyectos y construcciones de las redes urbanas de distribuci\u00f3n, por si o por terceros.<\/li>\n<li>El estudio, elaboraci\u00f3n y proposici\u00f3n de tarifas de los servicios p\u00fablicos de electricidad de jurisdicci\u00f3n provincial, como as\u00ed tambi\u00e9n el establecimiento de tasas y otras contribuciones por prestaci\u00f3n del servicio.<\/li>\n<li>El estudio y proposici\u00f3n de sistemas de financiaci\u00f3n, con recursos propios o de terceros, provinciales, nacionales o internacionales, para la ejecuci\u00f3n de obras de energ\u00eda el\u00e9ctrica.<\/li>\n<li><img loading=\"lazy\" class=\"alignnone size-medium wp-image-7917\" src=\"https:\/\/www.secheep.gob.ar\/wp-content\/uploads\/2024\/10\/para-web-300x169.png\" alt=\"\" width=\"300\" height=\"169\" \/><\/li>\n<\/ul>\n","protected":false},"excerpt":{"rendered":"<p>Este 30 de octubre de 2024 se conmemora el 51\u00ba aniversario de la creaci\u00f3n de SECHEEP, la empresa de servicios energ\u00e9ticos de la provincia que tiene como principal objetivo garantizar la distribuci\u00f3n del suministro el\u00e9ctrico de todos los chaque\u00f1os. En ese marco, la actualidad la encuentra ante el enorme desaf\u00edo de afrontar una emergencia energ\u00e9tica [&hellip;]<\/p>\n","protected":false},"author":4,"featured_media":7917,"comment_status":"open","ping_status":"open","sticky":false,"template":"","format":"standard","meta":{"_et_pb_use_builder":"","_et_pb_old_content":"","_et_gb_content_width":"","_joinchat":[]},"categories":[3],"tags":[],"_links":{"self":[{"href":"https:\/\/www.secheep.gob.ar\/index.php?rest_route=\/wp\/v2\/posts\/7915"}],"collection":[{"href":"https:\/\/www.secheep.gob.ar\/index.php?rest_route=\/wp\/v2\/posts"}],"about":[{"href":"https:\/\/www.secheep.gob.ar\/index.php?rest_route=\/wp\/v2\/types\/post"}],"author":[{"embeddable":true,"href":"https:\/\/www.secheep.gob.ar\/index.php?rest_route=\/wp\/v2\/users\/4"}],"replies":[{"embeddable":true,"href":"https:\/\/www.secheep.gob.ar\/index.php?rest_route=%2Fwp%2Fv2%2Fcomments&post=7915"}],"version-history":[{"count":6,"href":"https:\/\/www.secheep.gob.ar\/index.php?rest_route=\/wp\/v2\/posts\/7915\/revisions"}],"predecessor-version":[{"id":7923,"href":"https:\/\/www.secheep.gob.ar\/index.php?rest_route=\/wp\/v2\/posts\/7915\/revisions\/7923"}],"wp:featuredmedia":[{"embeddable":true,"href":"https:\/\/www.secheep.gob.ar\/index.php?rest_route=\/wp\/v2\/media\/7917"}],"wp:attachment":[{"href":"https:\/\/www.secheep.gob.ar\/index.php?rest_route=%2Fwp%2Fv2%2Fmedia&parent=7915"}],"wp:term":[{"taxonomy":"category","embeddable":true,"href":"https:\/\/www.secheep.gob.ar\/index.php?rest_route=%2Fwp%2Fv2%2Fcategories&post=7915"},{"taxonomy":"post_tag","embeddable":true,"href":"https:\/\/www.secheep.gob.ar\/index.php?rest_route=%2Fwp%2Fv2%2Ftags&post=7915"}],"curies":[{"name":"wp","href":"https:\/\/api.w.org\/{rel}","templated":true}]}}