{"id":7898,"date":"2024-10-24T21:59:16","date_gmt":"2024-10-25T00:59:16","guid":{"rendered":"https:\/\/www.secheep.gob.ar\/?p=7898"},"modified":"2024-10-24T21:59:59","modified_gmt":"2024-10-25T00:59:59","slug":"secheep-acompana-la-lucha-contra-el-cambio-climatico","status":"publish","type":"post","link":"https:\/\/www.secheep.gob.ar\/?p=7898","title":{"rendered":"Secheep acompa\u00f1a la lucha mundial contra el cambio clim\u00e1tico"},"content":{"rendered":"<p>El 24 de octubre se conmemora el D\u00eda Internacional Contra el Cambio Clim\u00e1tico, una jornada para concienciar al mundo sobre los efectos devastadores del calentamiento global. En esa l\u00ednea, SECHEEP recuerda la importancia de una fecha relevante para el mundo y a trav\u00e9s de sus campa\u00f1as \u201cSecheep Sostenible\u201d y \u201cCultura Energ\u00e9tica\u201d invita a reflexionar sobre el consumo responsable y la promoci\u00f3n del uso eficiente de los recursos, el acceso universal a la energ\u00eda y el impacto de su consumo en el planeta.<\/p>\n<p>El D\u00eda Internacional Contra el Cambio Clim\u00e1tico es una fecha instaurada para crear conciencia sobre la urgente necesidad de mitigar el calentamiento acelerado del planeta que altera los patrones del clima con graves perjuicios para los ecosistemas y la humanidad.<\/p>\n<p>Dentro de los principales \u00edtems y\/o maneras establecidas para ayudar a combatir la crisis clim\u00e1tica es: controlando el consumo de energ\u00eda. Es importante generar conciencia sobre la importancia de hacer un uso m\u00e1s eficiente de los recursos energ\u00e9ticos, tanto a nivel individual como colectivo, con miras a preservar los recursos naturales y mitigar el impacto ambiental, se\u00f1alaron desde Secheep.<\/p>\n<p>En esa l\u00ednea, semanas atr\u00e1s, en la Feria Iberoamericana del Libro y en la instancia provincial de la Feria de Ciencias, Secheep present\u00f3 su campa\u00f1a \u201cCultura Energ\u00e9tica\u201d, una iniciativa que, a trav\u00e9s del proyecto educativo \u201cEl Viaje de la Energ\u00eda\u201d y de campa\u00f1as en redes sociales y medios de comunicaci\u00f3n, busca que la comunidad adopte h\u00e1bitos responsables de consumo, fomentando el ahorro y la conservaci\u00f3n de los recursos.<\/p>\n<p>Adem\u00e1s, la empresa energ\u00e9tica chaque\u00f1a avanza con la campa\u00f1a \u201cSecheep Sostenible\u201d, la cual propone acciones sustentables, como el uso de energ\u00eda fotovoltaica, teniendo en cuenta que el sol es un recurso natural renovable e inagotable que no emite gases contaminantes ni de efecto invernadero.<\/p>\n<p>Fechas tan importantes como la de hoy, as\u00ed como la del pasado 21 de octubre, cuando se conmemor\u00f3 el D\u00eda Mundial del Ahorro de Energ\u00eda, son relevantes e invitan a la reflexi\u00f3n sobre el consumo responsable y el uso eficiente de los recursos energ\u00e9ticos de manera tal de lograr un impacto cada vez menos nocivo al golpeado planeta Tierra.<\/p>\n<p>&nbsp;<\/p>\n<p><strong>Acciones simples y diarias que pueden ayudar<\/strong><\/p>\n<p>\u201cControlar el consumo de energ\u00eda\u201d es una de las principales maneras de ayudar para combatir la crisis clim\u00e1tica. SECHEEP recuerda algunas acciones simples que permiten colaborar diariamente a preservar un medio ambiente m\u00e1s sano:<\/p>\n<p>* Utilizar la luz natural mientras sea posible.<\/p>\n<p>* Al adquirir nuevos electrodom\u00e9sticos prestar atenci\u00f3n a las etiquetas de eficiencia energ\u00e9tica.<\/p>\n<p>* Desenchufar dispositivos o cargadores que no se necesiten.<\/p>\n<p>* Utilizar l\u00e1mparas (luces) con tecnolog\u00eda de led o bajo consumo.<\/p>\n<p>* Apagar luces y\/o televisores y\/o dispositivos que no estemos utilizando.<\/p>\n<p>* Regular adecuadamente el aire acondicionado.<\/p>\n<p>* Procurar descongelar los alimentos a temperatura ambiente, sin la utilizaci\u00f3n del microondas.<\/p>\n<p><img loading=\"lazy\" class=\"alignnone size-medium wp-image-7899\" src=\"https:\/\/www.secheep.gob.ar\/wp-content\/uploads\/2024\/10\/uno-p-300x300.png\" alt=\"\" width=\"300\" height=\"300\" \/><\/p>\n<p><img loading=\"lazy\" class=\"alignnone size-medium wp-image-7900\" src=\"https:\/\/www.secheep.gob.ar\/wp-content\/uploads\/2024\/10\/dos_p-300x300.png\" alt=\"\" width=\"300\" height=\"300\" \/><\/p>\n<p><img loading=\"lazy\" class=\"alignnone size-medium wp-image-7901\" src=\"https:\/\/www.secheep.gob.ar\/wp-content\/uploads\/2024\/10\/tres-p-300x300.png\" alt=\"\" width=\"300\" height=\"300\" \/><\/p>\n","protected":false},"excerpt":{"rendered":"<p>El 24 de octubre se conmemora el D\u00eda Internacional Contra el Cambio Clim\u00e1tico, una jornada para concienciar al mundo sobre los efectos devastadores del calentamiento global. En esa l\u00ednea, SECHEEP recuerda la importancia de una fecha relevante para el mundo y a trav\u00e9s de sus campa\u00f1as \u201cSecheep Sostenible\u201d y \u201cCultura Energ\u00e9tica\u201d invita a reflexionar sobre [&hellip;]<\/p>\n","protected":false},"author":4,"featured_media":7899,"comment_status":"open","ping_status":"open","sticky":false,"template":"","format":"standard","meta":{"_et_pb_use_builder":"","_et_pb_old_content":"","_et_gb_content_width":"","_joinchat":[]},"categories":[3],"tags":[],"_links":{"self":[{"href":"https:\/\/www.secheep.gob.ar\/index.php?rest_route=\/wp\/v2\/posts\/7898"}],"collection":[{"href":"https:\/\/www.secheep.gob.ar\/index.php?rest_route=\/wp\/v2\/posts"}],"about":[{"href":"https:\/\/www.secheep.gob.ar\/index.php?rest_route=\/wp\/v2\/types\/post"}],"author":[{"embeddable":true,"href":"https:\/\/www.secheep.gob.ar\/index.php?rest_route=\/wp\/v2\/users\/4"}],"replies":[{"embeddable":true,"href":"https:\/\/www.secheep.gob.ar\/index.php?rest_route=%2Fwp%2Fv2%2Fcomments&post=7898"}],"version-history":[{"count":2,"href":"https:\/\/www.secheep.gob.ar\/index.php?rest_route=\/wp\/v2\/posts\/7898\/revisions"}],"predecessor-version":[{"id":7903,"href":"https:\/\/www.secheep.gob.ar\/index.php?rest_route=\/wp\/v2\/posts\/7898\/revisions\/7903"}],"wp:featuredmedia":[{"embeddable":true,"href":"https:\/\/www.secheep.gob.ar\/index.php?rest_route=\/wp\/v2\/media\/7899"}],"wp:attachment":[{"href":"https:\/\/www.secheep.gob.ar\/index.php?rest_route=%2Fwp%2Fv2%2Fmedia&parent=7898"}],"wp:term":[{"taxonomy":"category","embeddable":true,"href":"https:\/\/www.secheep.gob.ar\/index.php?rest_route=%2Fwp%2Fv2%2Fcategories&post=7898"},{"taxonomy":"post_tag","embeddable":true,"href":"https:\/\/www.secheep.gob.ar\/index.php?rest_route=%2Fwp%2Fv2%2Ftags&post=7898"}],"curies":[{"name":"wp","href":"https:\/\/api.w.org\/{rel}","templated":true}]}}