{"id":7871,"date":"2024-10-16T08:17:07","date_gmt":"2024-10-16T11:17:07","guid":{"rendered":"https:\/\/www.secheep.gob.ar\/?p=7871"},"modified":"2024-10-16T08:17:07","modified_gmt":"2024-10-16T11:17:07","slug":"reemplazo-de-una-linea-subterranea-en-el-centro-de-resistencia","status":"publish","type":"post","link":"https:\/\/www.secheep.gob.ar\/?p=7871","title":{"rendered":"Reemplazo de una l\u00ednea subterr\u00e1nea en el centro de Resistencia"},"content":{"rendered":"<p>En el marco del plan de obras y trabajos para elevar la calidad del servicio energ\u00e9tico en el verano que se aproxima, SECHEEP inici\u00f3 el reemplazo de una l\u00ednea subterr\u00e1nea de media tensi\u00f3n en la zona c\u00e9ntrica de Resistencia, la cual permitir\u00e1 mejorar el suministro el\u00e9ctrico en un importante sector comercial, de oficinas p\u00fablicas y de edificios de altura de la ciudad, de gran crecimiento edilicio en los \u00faltimos a\u00f1os.<\/p>\n<p>El trabajo, que se inici\u00f3 en la zona del edificio del Correo Argentino y el parterre vial de la avenida Sarmiento 101, abarca el reemplazo de unos 170 metros de un cable subterr\u00e1neo de 13,2 KV de sistema obsoleto (de aislaci\u00f3n de papel de aceite) con m\u00e1s de 35 a\u00f1os en servicio y que ven\u00eda presentando varias fallas en los \u00faltimos tiempos.<\/p>\n<p>La obra, financiada y ejecutada con recursos de Secheep, permitir\u00e1 elevar el funcionamiento de la red de energ\u00eda el\u00e9ctrica en una zona de enorme crecimiento, en donde funcionan oficinas p\u00fablicas como el Correo Argentino, Gendarmer\u00eda Nacional, el Juzgado Federal, el Nuevo Banco del Chaco, la Casa de las Culturas, la Universidad Popular y otros; adem\u00e1s de decenas de comercios y edificios de enorme altura.<\/p>\n<p>Desde la Gerencia del \u00c1rea Metropolitana informaron que los trabajos forman parte del plan de obras e intervenciones que se lleva cabo para afrontar con un buen servicio las elevadas temperaturas y la alta demanda que se espera para el verano que se avecina.<\/p>\n<p>El nuevo y moderno cable conductor (de aislaci\u00f3n seca) permitir\u00e1 vincular en forma directa a dos subestaciones transformadoras de la zona; y en forma indirecta facilitar\u00e1 el trabajo de una veintena de subestaciones ubicadas en un amplio sector del centro (entre las calles Yrigoyen, G\u00fcemes, Ayacucho, Mitre y Marcelo T. de Alvear).<\/p>\n<p><img loading=\"lazy\" class=\"alignnone size-medium wp-image-7872\" src=\"https:\/\/www.secheep.gob.ar\/wp-content\/uploads\/2024\/10\/99769db6-8463-4bf9-b523-69f46771d830-300x225.png\" alt=\"\" width=\"300\" height=\"225\" \/> <img loading=\"lazy\" class=\"alignnone size-medium wp-image-7873\" src=\"https:\/\/www.secheep.gob.ar\/wp-content\/uploads\/2024\/10\/dos-2-300x225.png\" alt=\"\" width=\"300\" height=\"225\" \/><\/p>\n<p><img loading=\"lazy\" class=\"alignnone size-medium wp-image-7874\" src=\"https:\/\/www.secheep.gob.ar\/wp-content\/uploads\/2024\/10\/tres-300x225.png\" alt=\"\" width=\"300\" height=\"225\" \/> <img loading=\"lazy\" class=\"alignnone size-medium wp-image-7875\" src=\"https:\/\/www.secheep.gob.ar\/wp-content\/uploads\/2024\/10\/cuatro-225x300.png\" alt=\"\" width=\"225\" height=\"300\" \/><\/p>\n<p>&nbsp;<\/p>\n<p>&nbsp;<\/p>\n","protected":false},"excerpt":{"rendered":"<p>En el marco del plan de obras y trabajos para elevar la calidad del servicio energ\u00e9tico en el verano que se aproxima, SECHEEP inici\u00f3 el reemplazo de una l\u00ednea subterr\u00e1nea de media tensi\u00f3n en la zona c\u00e9ntrica de Resistencia, la cual permitir\u00e1 mejorar el suministro el\u00e9ctrico en un importante sector comercial, de oficinas p\u00fablicas y [&hellip;]<\/p>\n","protected":false},"author":4,"featured_media":7872,"comment_status":"open","ping_status":"open","sticky":false,"template":"","format":"standard","meta":{"_et_pb_use_builder":"","_et_pb_old_content":"","_et_gb_content_width":"","_joinchat":[]},"categories":[3],"tags":[],"_links":{"self":[{"href":"https:\/\/www.secheep.gob.ar\/index.php?rest_route=\/wp\/v2\/posts\/7871"}],"collection":[{"href":"https:\/\/www.secheep.gob.ar\/index.php?rest_route=\/wp\/v2\/posts"}],"about":[{"href":"https:\/\/www.secheep.gob.ar\/index.php?rest_route=\/wp\/v2\/types\/post"}],"author":[{"embeddable":true,"href":"https:\/\/www.secheep.gob.ar\/index.php?rest_route=\/wp\/v2\/users\/4"}],"replies":[{"embeddable":true,"href":"https:\/\/www.secheep.gob.ar\/index.php?rest_route=%2Fwp%2Fv2%2Fcomments&post=7871"}],"version-history":[{"count":1,"href":"https:\/\/www.secheep.gob.ar\/index.php?rest_route=\/wp\/v2\/posts\/7871\/revisions"}],"predecessor-version":[{"id":7876,"href":"https:\/\/www.secheep.gob.ar\/index.php?rest_route=\/wp\/v2\/posts\/7871\/revisions\/7876"}],"wp:featuredmedia":[{"embeddable":true,"href":"https:\/\/www.secheep.gob.ar\/index.php?rest_route=\/wp\/v2\/media\/7872"}],"wp:attachment":[{"href":"https:\/\/www.secheep.gob.ar\/index.php?rest_route=%2Fwp%2Fv2%2Fmedia&parent=7871"}],"wp:term":[{"taxonomy":"category","embeddable":true,"href":"https:\/\/www.secheep.gob.ar\/index.php?rest_route=%2Fwp%2Fv2%2Fcategories&post=7871"},{"taxonomy":"post_tag","embeddable":true,"href":"https:\/\/www.secheep.gob.ar\/index.php?rest_route=%2Fwp%2Fv2%2Ftags&post=7871"}],"curies":[{"name":"wp","href":"https:\/\/api.w.org\/{rel}","templated":true}]}}