{"id":7867,"date":"2024-10-12T09:40:46","date_gmt":"2024-10-12T12:40:46","guid":{"rendered":"https:\/\/www.secheep.gob.ar\/?p=7867"},"modified":"2024-10-14T11:58:35","modified_gmt":"2024-10-14T14:58:35","slug":"el-gobernador-habilito-obras-de-secheep-en-la-verde","status":"publish","type":"post","link":"https:\/\/www.secheep.gob.ar\/?p=7867","title":{"rendered":"El gobernador habilit\u00f3 obras de Secheep en La Verde"},"content":{"rendered":"<p>Avanzando con su plan de trabajo en toda la provincia, Secheep ejecut\u00f3 y habilit\u00f3 en La Verde la obra del reemplazo de la red de media tensi\u00f3n que suministra energ\u00eda el\u00e9ctrica a toda la localidad. Adem\u00e1s, concret\u00f3 trabajos en la red de baja tensi\u00f3n en el barrio Norte, mejoras en el alumbrado p\u00fablico y las oficinas del distrito.<\/p>\n<p>Los trabajos fueron llevados a cabo por personal de Secheep, con una inversi\u00f3n cercana a los 90 millones de pesos.<\/p>\n<p>&nbsp;<\/p>\n<p><strong>La nueva traza, una obra muy esperada y necesaria<\/strong><\/p>\n<p>La obra de la nueva traza de acceso a La Verde implic\u00f3 el tendido de mil metros de una l\u00ednea de media tensi\u00f3n, la colocaci\u00f3n de columnas de hormig\u00f3n a la largo de un kil\u00f3metro en el acceso a la localidad y el montaje de una subestaci\u00f3n transformadora.<\/p>\n<p>Se trata de una solicitud de vieja data de toda la comunidad del lugar. Se realiz\u00f3 el cambio de la traza de una l\u00ednea a\u00e9rea de media tensi\u00f3n en 13,2 KV que alimenta a toda la localidad. La l\u00ednea reemplazada estaba envejecida y la presencia de una arboleda afectaba su normal funcionamiento, sobre todo en \u00e9pocas estivales donde era frecuente su salida de servicio.<\/p>\n<p>Adem\u00e1s de la construcci\u00f3n de columnas de hormig\u00f3n y el tendido de la l\u00ednea, la obra abarca la reubicaci\u00f3n de una subestaci\u00f3n transformadora.<\/p>\n<p>&nbsp;<\/p>\n<p><strong>M\u00e1s obras<\/strong><\/p>\n<p>Adem\u00e1s de la l\u00ednea de acceso a la localidad, Secheep realiz\u00f3 trabajos en la zona urbana de La Verde, como el montaje de una subestaci\u00f3n monoposte con transformador de 200 kv y l\u00ednea de baja tensi\u00f3n en el barrio Norte.<\/p>\n<p>Con los trabajos realizados, tambi\u00e9n se mejor\u00f3 la calidad y la tensi\u00f3n energ\u00e9ta en una parte de la zona urbana.<\/p>\n<p>Asimismo, se repuso la red de alumbrado p\u00fablico, con 35 luminarias led y 10 soportes; y se pint\u00f3 y se coloc\u00f3 un nuevo cartel en la oficina del distrito de Secheep.<\/p>\n<p><img loading=\"lazy\" class=\"alignnone size-medium wp-image-7868\" src=\"https:\/\/www.secheep.gob.ar\/wp-content\/uploads\/2024\/10\/benito-300x225.png\" alt=\"\" width=\"300\" height=\"225\" \/><\/p>\n<p><img loading=\"lazy\" class=\"alignnone size-medium wp-image-7869\" src=\"https:\/\/www.secheep.gob.ar\/wp-content\/uploads\/2024\/10\/dos-1-300x200.png\" alt=\"\" width=\"300\" height=\"200\" \/><\/p>\n","protected":false},"excerpt":{"rendered":"<p>Avanzando con su plan de trabajo en toda la provincia, Secheep ejecut\u00f3 y habilit\u00f3 en La Verde la obra del reemplazo de la red de media tensi\u00f3n que suministra energ\u00eda el\u00e9ctrica a toda la localidad. Adem\u00e1s, concret\u00f3 trabajos en la red de baja tensi\u00f3n en el barrio Norte, mejoras en el alumbrado p\u00fablico y las [&hellip;]<\/p>\n","protected":false},"author":4,"featured_media":7868,"comment_status":"open","ping_status":"open","sticky":false,"template":"","format":"standard","meta":{"_et_pb_use_builder":"","_et_pb_old_content":"","_et_gb_content_width":"","_joinchat":[]},"categories":[3],"tags":[],"_links":{"self":[{"href":"https:\/\/www.secheep.gob.ar\/index.php?rest_route=\/wp\/v2\/posts\/7867"}],"collection":[{"href":"https:\/\/www.secheep.gob.ar\/index.php?rest_route=\/wp\/v2\/posts"}],"about":[{"href":"https:\/\/www.secheep.gob.ar\/index.php?rest_route=\/wp\/v2\/types\/post"}],"author":[{"embeddable":true,"href":"https:\/\/www.secheep.gob.ar\/index.php?rest_route=\/wp\/v2\/users\/4"}],"replies":[{"embeddable":true,"href":"https:\/\/www.secheep.gob.ar\/index.php?rest_route=%2Fwp%2Fv2%2Fcomments&post=7867"}],"version-history":[{"count":1,"href":"https:\/\/www.secheep.gob.ar\/index.php?rest_route=\/wp\/v2\/posts\/7867\/revisions"}],"predecessor-version":[{"id":7870,"href":"https:\/\/www.secheep.gob.ar\/index.php?rest_route=\/wp\/v2\/posts\/7867\/revisions\/7870"}],"wp:featuredmedia":[{"embeddable":true,"href":"https:\/\/www.secheep.gob.ar\/index.php?rest_route=\/wp\/v2\/media\/7868"}],"wp:attachment":[{"href":"https:\/\/www.secheep.gob.ar\/index.php?rest_route=%2Fwp%2Fv2%2Fmedia&parent=7867"}],"wp:term":[{"taxonomy":"category","embeddable":true,"href":"https:\/\/www.secheep.gob.ar\/index.php?rest_route=%2Fwp%2Fv2%2Fcategories&post=7867"},{"taxonomy":"post_tag","embeddable":true,"href":"https:\/\/www.secheep.gob.ar\/index.php?rest_route=%2Fwp%2Fv2%2Ftags&post=7867"}],"curies":[{"name":"wp","href":"https:\/\/api.w.org\/{rel}","templated":true}]}}