{"id":7833,"date":"2024-10-04T06:44:49","date_gmt":"2024-10-04T09:44:49","guid":{"rendered":"https:\/\/www.secheep.gob.ar\/?p=7833"},"modified":"2024-10-04T06:55:53","modified_gmt":"2024-10-04T09:55:53","slug":"octubre-rosa-sensibilizacion-y-lucha-contra-el-cancer-de-mama","status":"publish","type":"post","link":"https:\/\/www.secheep.gob.ar\/?p=7833","title":{"rendered":"Octubre Rosa: lucha y sensibilizaci\u00f3n contra el c\u00e1ncer de mama"},"content":{"rendered":"<p>Colocando un cintillo que simboliza la lucha ante la enfermedad en las redes sociales e iluminando el hist\u00f3rico edificio del Directorio y la Gerencia del \u00c1rea Metropolitana, SECHEEP se suma a la campa\u00f1a de sensibilizaci\u00f3n, concientizaci\u00f3n y lucha contra el c\u00e1ncer de mama.<!--more--><\/p>\n<p>La iniciativa forma parte de la acci\u00f3n impulsada por la Organizaci\u00f3n Mundial de la Salud (OMS) que establece el 19 de octubre como el D\u00eda Internacional de lucha contra el C\u00e1ncer de Mama. En ese contexto, durante todo octubre se realizan acciones para crear conciencia y promover que cada vez m\u00e1s personas (principalmente mujeres) accedan a controles, diagn\u00f3sticos y tratamientos\u00a0 oportunos y efectivos.<\/p>\n<p>Se estima que 1 de cada 8 mujeres tendr\u00e1 c\u00e1ncer de mama a lo largo de su vida y esta es la raz\u00f3n principal de porque deben realizarse una evaluaci\u00f3n regularmente de sus senos.<\/p>\n<p>La detecci\u00f3n precoz a fin de mejorar el pron\u00f3stico y la supervivencia de los casos de c\u00e1ncer de mama sigue siendo la piedra angular de la lucha contra este c\u00e1ncer.<\/p>\n<p><img loading=\"lazy\" class=\"alignnone size-medium wp-image-7835\" src=\"https:\/\/www.secheep.gob.ar\/wp-content\/uploads\/2024\/10\/fachada__-300x225.jpg\" alt=\"\" width=\"300\" height=\"225\" \/> <img loading=\"lazy\" class=\"alignnone size-medium wp-image-7834\" src=\"https:\/\/www.secheep.gob.ar\/wp-content\/uploads\/2024\/10\/LOGO-PORTADA-300x300.png\" alt=\"\" width=\"300\" height=\"300\" \/><\/p>\n","protected":false},"excerpt":{"rendered":"<p>Colocando un cintillo que simboliza la lucha ante la enfermedad en las redes sociales e iluminando el hist\u00f3rico edificio del Directorio y la Gerencia del \u00c1rea Metropolitana, SECHEEP se suma a la campa\u00f1a de sensibilizaci\u00f3n, concientizaci\u00f3n y lucha contra el c\u00e1ncer de mama.<\/p>\n","protected":false},"author":4,"featured_media":7835,"comment_status":"open","ping_status":"open","sticky":false,"template":"","format":"standard","meta":{"_et_pb_use_builder":"","_et_pb_old_content":"","_et_gb_content_width":"","_joinchat":[]},"categories":[1],"tags":[],"_links":{"self":[{"href":"https:\/\/www.secheep.gob.ar\/index.php?rest_route=\/wp\/v2\/posts\/7833"}],"collection":[{"href":"https:\/\/www.secheep.gob.ar\/index.php?rest_route=\/wp\/v2\/posts"}],"about":[{"href":"https:\/\/www.secheep.gob.ar\/index.php?rest_route=\/wp\/v2\/types\/post"}],"author":[{"embeddable":true,"href":"https:\/\/www.secheep.gob.ar\/index.php?rest_route=\/wp\/v2\/users\/4"}],"replies":[{"embeddable":true,"href":"https:\/\/www.secheep.gob.ar\/index.php?rest_route=%2Fwp%2Fv2%2Fcomments&post=7833"}],"version-history":[{"count":4,"href":"https:\/\/www.secheep.gob.ar\/index.php?rest_route=\/wp\/v2\/posts\/7833\/revisions"}],"predecessor-version":[{"id":7839,"href":"https:\/\/www.secheep.gob.ar\/index.php?rest_route=\/wp\/v2\/posts\/7833\/revisions\/7839"}],"wp:featuredmedia":[{"embeddable":true,"href":"https:\/\/www.secheep.gob.ar\/index.php?rest_route=\/wp\/v2\/media\/7835"}],"wp:attachment":[{"href":"https:\/\/www.secheep.gob.ar\/index.php?rest_route=%2Fwp%2Fv2%2Fmedia&parent=7833"}],"wp:term":[{"taxonomy":"category","embeddable":true,"href":"https:\/\/www.secheep.gob.ar\/index.php?rest_route=%2Fwp%2Fv2%2Fcategories&post=7833"},{"taxonomy":"post_tag","embeddable":true,"href":"https:\/\/www.secheep.gob.ar\/index.php?rest_route=%2Fwp%2Fv2%2Ftags&post=7833"}],"curies":[{"name":"wp","href":"https:\/\/api.w.org\/{rel}","templated":true}]}}